{"id":53,"date":"2018-04-27T10:02:32","date_gmt":"2018-04-27T08:02:32","guid":{"rendered":"http:\/\/www.fg-berlin.eu\/blogs\/jij2018\/?p=53"},"modified":"2018-04-27T10:02:32","modified_gmt":"2018-04-27T08:02:32","slug":"rencontre-avec-les-raideurs-fous","status":"publish","type":"post","link":"https:\/\/www.fg-berlin.eu\/blogs\/jij2018\/2018\/04\/27\/rencontre-avec-les-raideurs-fous\/","title":{"rendered":"rencontre avec les raideurs fous"},"content":{"rendered":"<p>Le 20 avril 2018, nos \u00e9l\u00e8ves\u00a0 participants aux projets sportifs JIJ et RSI ont rejoint les \u00e9l\u00e8ves de Bischwiller au ch\u00e2teau de Sanssouci<\/p>\n<p>pour terminer leur derni\u00e8re \u00e9tape.<img loading=\"lazy\" decoding=\"async\" class=\"size-medium wp-image-55 aligncenter\" src=\"http:\/\/www.fg-berlin.eu\/blogs\/jij2018\/wp-content\/uploads\/sites\/26\/2018\/04\/tn_DSCF1491-300x225.jpg\" alt=\"\" width=\"300\" height=\"225\" srcset=\"https:\/\/www.fg-berlin.eu\/blogs\/jij2018\/wp-content\/uploads\/sites\/26\/2018\/04\/tn_DSCF1491-300x225.jpg 300w, https:\/\/www.fg-berlin.eu\/blogs\/jij2018\/wp-content\/uploads\/sites\/26\/2018\/04\/tn_DSCF1491.jpg 600w\" sizes=\"auto, (max-width: 300px) 100vw, 300px\" \/><\/p>\n<p>Parmi les raideurs se trouvaient \u00e9galement les \u00e9l\u00e8ves de l&rsquo;\u00e9quipe de Bishcwiller participant aux JIJ \u00e0 Vesoul cette ann\u00e9e.<\/p>\n<p><img loading=\"lazy\" decoding=\"async\" class=\"alignnone size-medium wp-image-54 aligncenter\" src=\"http:\/\/www.fg-berlin.eu\/blogs\/jij2018\/wp-content\/uploads\/sites\/26\/2018\/04\/tn_DSCF1484-300x225.jpg\" alt=\"\" width=\"300\" height=\"225\" srcset=\"https:\/\/www.fg-berlin.eu\/blogs\/jij2018\/wp-content\/uploads\/sites\/26\/2018\/04\/tn_DSCF1484-300x225.jpg 300w, https:\/\/www.fg-berlin.eu\/blogs\/jij2018\/wp-content\/uploads\/sites\/26\/2018\/04\/tn_DSCF1484.jpg 600w\" sizes=\"auto, (max-width: 300px) 100vw, 300px\" \/><\/p>\n<p><img loading=\"lazy\" decoding=\"async\" class=\"alignnone size-medium wp-image-56 aligncenter\" src=\"http:\/\/www.fg-berlin.eu\/blogs\/jij2018\/wp-content\/uploads\/sites\/26\/2018\/04\/tn_image1-300x225.jpeg\" alt=\"\" width=\"300\" height=\"225\" srcset=\"https:\/\/www.fg-berlin.eu\/blogs\/jij2018\/wp-content\/uploads\/sites\/26\/2018\/04\/tn_image1-300x225.jpeg 300w, https:\/\/www.fg-berlin.eu\/blogs\/jij2018\/wp-content\/uploads\/sites\/26\/2018\/04\/tn_image1.jpeg 600w\" sizes=\"auto, (max-width: 300px) 100vw, 300px\" \/><br \/>\nLes raideurs fous ont mis 8 jours pour parcourir 865km de Bischwiller(Alsace) jusqu&rsquo;\u00e0 Berlin.<\/p>\n<p><a href=\"https:\/\/www.facebook.com\/lesraideursfous\/\" target=\"_blank\" rel=\"noopener noreferrer\">https:\/\/www.facebook.com\/lesraideursfous\/<\/a><\/p>\n","protected":false},"excerpt":{"rendered":"<p>Le 20 avril 2018, nos \u00e9l\u00e8ves\u00a0 participants aux projets sportifs JIJ et RSI ont rejoint les \u00e9l\u00e8ves de Bischwiller au ch\u00e2teau de Sanssouci pour terminer leur derni\u00e8re \u00e9tape. Parmi les raideurs se trouvaient \u00e9galement les \u00e9l\u00e8ves de l&rsquo;\u00e9quipe de Bishcwiller participant aux JIJ \u00e0 Vesoul cette ann\u00e9e. Les raideurs fous ont mis 8 jours pour &hellip; <a href=\"https:\/\/www.fg-berlin.eu\/blogs\/jij2018\/2018\/04\/27\/rencontre-avec-les-raideurs-fous\/\" class=\"more-link\">Continuer la lecture de <span class=\"screen-reader-text\">rencontre avec les raideurs fous<\/span><\/a><\/p>\n","protected":false},"author":69,"featured_media":0,"comment_status":"open","ping_status":"open","sticky":false,"template":"","format":"standard","meta":{"footnotes":""},"categories":[1],"tags":[],"class_list":["post-53","post","type-post","status-publish","format-standard","hentry","category-non-classe"],"_links":{"self":[{"href":"https:\/\/www.fg-berlin.eu\/blogs\/jij2018\/wp-json\/wp\/v2\/posts\/53","targetHints":{"allow":["GET"]}}],"collection":[{"href":"https:\/\/www.fg-berlin.eu\/blogs\/jij2018\/wp-json\/wp\/v2\/posts"}],"about":[{"href":"https:\/\/www.fg-berlin.eu\/blogs\/jij2018\/wp-json\/wp\/v2\/types\/post"}],"author":[{"embeddable":true,"href":"https:\/\/www.fg-berlin.eu\/blogs\/jij2018\/wp-json\/wp\/v2\/users\/69"}],"replies":[{"embeddable":true,"href":"https:\/\/www.fg-berlin.eu\/blogs\/jij2018\/wp-json\/wp\/v2\/comments?post=53"}],"version-history":[{"count":1,"href":"https:\/\/www.fg-berlin.eu\/blogs\/jij2018\/wp-json\/wp\/v2\/posts\/53\/revisions"}],"predecessor-version":[{"id":57,"href":"https:\/\/www.fg-berlin.eu\/blogs\/jij2018\/wp-json\/wp\/v2\/posts\/53\/revisions\/57"}],"wp:attachment":[{"href":"https:\/\/www.fg-berlin.eu\/blogs\/jij2018\/wp-json\/wp\/v2\/media?parent=53"}],"wp:term":[{"taxonomy":"category","embeddable":true,"href":"https:\/\/www.fg-berlin.eu\/blogs\/jij2018\/wp-json\/wp\/v2\/categories?post=53"},{"taxonomy":"post_tag","embeddable":true,"href":"https:\/\/www.fg-berlin.eu\/blogs\/jij2018\/wp-json\/wp\/v2\/tags?post=53"}],"curies":[{"name":"wp","href":"https:\/\/api.w.org\/{rel}","templated":true}]}}