{"id":276,"date":"2019-01-17T22:42:17","date_gmt":"2019-01-17T21:42:17","guid":{"rendered":"http:\/\/www.fg-berlin.eu\/blogs\/jij2018\/?p=276"},"modified":"2019-01-17T22:48:40","modified_gmt":"2019-01-17T21:48:40","slug":"prets-pour-le-depart","status":"publish","type":"post","link":"https:\/\/www.fg-berlin.eu\/blogs\/jij2018\/2019\/01\/17\/prets-pour-le-depart\/","title":{"rendered":"Pr\u00eats pour le d\u00e9part"},"content":{"rendered":"<p>Les \u00e9l\u00e8ves ont r\u00e9cup\u00e9r\u00e9 leurs tenues.<\/p>\n<p>Ils repr\u00e9senteront fi\u00e8rement le lyc\u00e9e \u00e0 Duba\u00ef<\/p>\n<p><img loading=\"lazy\" decoding=\"async\" class=\"alignnone wp-image-277 aligncenter\" src=\"http:\/\/www.fg-berlin.eu\/blogs\/jij2018\/wp-content\/uploads\/sites\/26\/2019\/01\/WIN_20190117_22_19_00_Pro-300x169.jpg\" alt=\"\" width=\"292\" height=\"165\" srcset=\"https:\/\/www.fg-berlin.eu\/blogs\/jij2018\/wp-content\/uploads\/sites\/26\/2019\/01\/WIN_20190117_22_19_00_Pro-300x169.jpg 300w, https:\/\/www.fg-berlin.eu\/blogs\/jij2018\/wp-content\/uploads\/sites\/26\/2019\/01\/WIN_20190117_22_19_00_Pro-768x432.jpg 768w, https:\/\/www.fg-berlin.eu\/blogs\/jij2018\/wp-content\/uploads\/sites\/26\/2019\/01\/WIN_20190117_22_19_00_Pro-1024x576.jpg 1024w, https:\/\/www.fg-berlin.eu\/blogs\/jij2018\/wp-content\/uploads\/sites\/26\/2019\/01\/WIN_20190117_22_19_00_Pro.jpg 1280w\" sizes=\"auto, (max-width: 292px) 100vw, 292px\" \/><\/p>\n<p><img loading=\"lazy\" decoding=\"async\" class=\"alignnone size-medium wp-image-278 aligncenter\" src=\"http:\/\/www.fg-berlin.eu\/blogs\/jij2018\/wp-content\/uploads\/sites\/26\/2019\/01\/WIN_20190117_22_19_14_Pro-300x169.jpg\" alt=\"\" width=\"300\" height=\"169\" srcset=\"https:\/\/www.fg-berlin.eu\/blogs\/jij2018\/wp-content\/uploads\/sites\/26\/2019\/01\/WIN_20190117_22_19_14_Pro-300x169.jpg 300w, https:\/\/www.fg-berlin.eu\/blogs\/jij2018\/wp-content\/uploads\/sites\/26\/2019\/01\/WIN_20190117_22_19_14_Pro-768x432.jpg 768w, https:\/\/www.fg-berlin.eu\/blogs\/jij2018\/wp-content\/uploads\/sites\/26\/2019\/01\/WIN_20190117_22_19_14_Pro-1024x576.jpg 1024w, https:\/\/www.fg-berlin.eu\/blogs\/jij2018\/wp-content\/uploads\/sites\/26\/2019\/01\/WIN_20190117_22_19_14_Pro.jpg 1280w\" sizes=\"auto, (max-width: 300px) 100vw, 300px\" \/><\/p>\n<p>Une foi de plus merci \u00e0 Delphine qui a r\u00e9alis\u00e9 le flocage des tenues!<\/p>\n","protected":false},"excerpt":{"rendered":"<p>Les \u00e9l\u00e8ves ont r\u00e9cup\u00e9r\u00e9 leurs tenues. Ils repr\u00e9senteront fi\u00e8rement le lyc\u00e9e \u00e0 Duba\u00ef Une foi de plus merci \u00e0 Delphine qui a r\u00e9alis\u00e9 le flocage des tenues!<\/p>\n","protected":false},"author":69,"featured_media":0,"comment_status":"open","ping_status":"open","sticky":false,"template":"","format":"standard","meta":{"footnotes":""},"categories":[1],"tags":[],"class_list":["post-276","post","type-post","status-publish","format-standard","hentry","category-non-classe"],"_links":{"self":[{"href":"https:\/\/www.fg-berlin.eu\/blogs\/jij2018\/wp-json\/wp\/v2\/posts\/276","targetHints":{"allow":["GET"]}}],"collection":[{"href":"https:\/\/www.fg-berlin.eu\/blogs\/jij2018\/wp-json\/wp\/v2\/posts"}],"about":[{"href":"https:\/\/www.fg-berlin.eu\/blogs\/jij2018\/wp-json\/wp\/v2\/types\/post"}],"author":[{"embeddable":true,"href":"https:\/\/www.fg-berlin.eu\/blogs\/jij2018\/wp-json\/wp\/v2\/users\/69"}],"replies":[{"embeddable":true,"href":"https:\/\/www.fg-berlin.eu\/blogs\/jij2018\/wp-json\/wp\/v2\/comments?post=276"}],"version-history":[{"count":2,"href":"https:\/\/www.fg-berlin.eu\/blogs\/jij2018\/wp-json\/wp\/v2\/posts\/276\/revisions"}],"predecessor-version":[{"id":280,"href":"https:\/\/www.fg-berlin.eu\/blogs\/jij2018\/wp-json\/wp\/v2\/posts\/276\/revisions\/280"}],"wp:attachment":[{"href":"https:\/\/www.fg-berlin.eu\/blogs\/jij2018\/wp-json\/wp\/v2\/media?parent=276"}],"wp:term":[{"taxonomy":"category","embeddable":true,"href":"https:\/\/www.fg-berlin.eu\/blogs\/jij2018\/wp-json\/wp\/v2\/categories?post=276"},{"taxonomy":"post_tag","embeddable":true,"href":"https:\/\/www.fg-berlin.eu\/blogs\/jij2018\/wp-json\/wp\/v2\/tags?post=276"}],"curies":[{"name":"wp","href":"https:\/\/api.w.org\/{rel}","templated":true}]}}