{"id":249,"date":"2018-12-01T12:59:34","date_gmt":"2018-12-01T11:59:34","guid":{"rendered":"http:\/\/www.fg-berlin.eu\/blogs\/jij2018\/?p=249"},"modified":"2019-09-29T14:05:00","modified_gmt":"2019-09-29T12:05:00","slug":"soutien-de-nos-eleves","status":"publish","type":"post","link":"https:\/\/www.fg-berlin.eu\/blogs\/jij2018\/2018\/12\/01\/soutien-de-nos-eleves\/","title":{"rendered":"Soutien de nos \u00e9l\u00e8ves en 2019"},"content":{"rendered":"\n<p>liens vers le site officiel des Jeux  Internationaux de la Jeunesse 2019 \u00e0 Beyrouth : <a href=\"https:\/\/jeuxinternationauxjeunesse.org\/\">https:\/\/jeuxinternationauxjeunesse.org\/ <\/a><\/p>\n\n\n\n<p>Nous sommes ravis d&rsquo;avoir de nouveaux partenaires:<\/p>\n\n\n\n<figure class=\"wp-block-image is-resized\"><img loading=\"lazy\" decoding=\"async\" src=\"https:\/\/www.fg-berlin.eu\/blogs\/jij2018\/wp-content\/uploads\/sites\/26\/2018\/12\/sym-orig.png\" alt=\"\" class=\"wp-image-251\" width=\"426\" height=\"247\" srcset=\"https:\/\/www.fg-berlin.eu\/blogs\/jij2018\/wp-content\/uploads\/sites\/26\/2018\/12\/sym-orig.png 1352w, https:\/\/www.fg-berlin.eu\/blogs\/jij2018\/wp-content\/uploads\/sites\/26\/2018\/12\/sym-orig-300x174.png 300w, https:\/\/www.fg-berlin.eu\/blogs\/jij2018\/wp-content\/uploads\/sites\/26\/2018\/12\/sym-orig-768x445.png 768w, https:\/\/www.fg-berlin.eu\/blogs\/jij2018\/wp-content\/uploads\/sites\/26\/2018\/12\/sym-orig-1024x594.png 1024w\" sizes=\"auto, (max-width: 426px) 100vw, 426px\" \/><figcaption><a href=\"http:\/\/www.sym-optic.com\/\">http:\/\/www.sym-optic.com\/ &nbsp;<\/a><\/figcaption><\/figure>\n\n\n\n<figure class=\"wp-block-image is-resized\"><img loading=\"lazy\" decoding=\"async\" src=\"https:\/\/www.fg-berlin.eu\/blogs\/jij2018\/wp-content\/uploads\/sites\/26\/2018\/12\/UAE-Embassy-Logo.jpg\" alt=\"\" class=\"wp-image-250\" width=\"226\" height=\"350\" srcset=\"https:\/\/www.fg-berlin.eu\/blogs\/jij2018\/wp-content\/uploads\/sites\/26\/2018\/12\/UAE-Embassy-Logo.jpg 422w, https:\/\/www.fg-berlin.eu\/blogs\/jij2018\/wp-content\/uploads\/sites\/26\/2018\/12\/UAE-Embassy-Logo-194x300.jpg 194w\" sizes=\"auto, (max-width: 226px) 100vw, 226px\" \/><\/figure>\n\n\n\n<p>Cette ann\u00e9e nos \u00e9l\u00e8ves sont \u00e0 nouveau aid\u00e9s par<\/p>\n\n\n\n<figure class=\"wp-block-image is-resized\"><img loading=\"lazy\" decoding=\"async\" src=\"http:\/\/www.fg-berlin.eu\/blogs\/jij2018\/wp-content\/uploads\/sites\/26\/2018\/04\/tn_logo-decath.png\" alt=\"\" class=\"wp-image-48\" width=\"645\" height=\"161\" srcset=\"https:\/\/www.fg-berlin.eu\/blogs\/jij2018\/wp-content\/uploads\/sites\/26\/2018\/04\/tn_logo-decath.png 450w, https:\/\/www.fg-berlin.eu\/blogs\/jij2018\/wp-content\/uploads\/sites\/26\/2018\/04\/tn_logo-decath-300x75.png 300w\" sizes=\"auto, (max-width: 645px) 100vw, 645px\" \/><figcaption><strong>Alexanderplatz<\/strong><\/figcaption><\/figure>\n\n\n\n<figure class=\"wp-block-image is-resized\"><img loading=\"lazy\" decoding=\"async\" src=\"http:\/\/www.fg-berlin.eu\/blogs\/jij2018\/wp-content\/uploads\/sites\/26\/2018\/04\/ADENImmoCARREptt.jpg\" alt=\"\" class=\"wp-image-46\" width=\"284\" height=\"284\" srcset=\"https:\/\/www.fg-berlin.eu\/blogs\/jij2018\/wp-content\/uploads\/sites\/26\/2018\/04\/ADENImmoCARREptt.jpg 2000w, https:\/\/www.fg-berlin.eu\/blogs\/jij2018\/wp-content\/uploads\/sites\/26\/2018\/04\/ADENImmoCARREptt-150x150.jpg 150w, https:\/\/www.fg-berlin.eu\/blogs\/jij2018\/wp-content\/uploads\/sites\/26\/2018\/04\/ADENImmoCARREptt-300x300.jpg 300w, https:\/\/www.fg-berlin.eu\/blogs\/jij2018\/wp-content\/uploads\/sites\/26\/2018\/04\/ADENImmoCARREptt-768x768.jpg 768w, https:\/\/www.fg-berlin.eu\/blogs\/jij2018\/wp-content\/uploads\/sites\/26\/2018\/04\/ADENImmoCARREptt-1024x1024.jpg 1024w\" sizes=\"auto, (max-width: 284px) 100vw, 284px\" \/><\/figure>\n\n\n\n<figure class=\"wp-block-image is-resized\"><img loading=\"lazy\" decoding=\"async\" src=\"http:\/\/www.fg-berlin.eu\/blogs\/jij2018\/wp-content\/uploads\/sites\/26\/2018\/04\/djibouti.jpg\" alt=\"\" class=\"wp-image-49\" width=\"225\" height=\"203\" \/><\/figure>\n\n\n\n<p><\/p>\n","protected":false},"excerpt":{"rendered":"<p>liens vers le site officiel des Jeux Internationaux de la Jeunesse 2019 \u00e0 Beyrouth : https:\/\/jeuxinternationauxjeunesse.org\/ Nous sommes ravis d&rsquo;avoir de nouveaux partenaires: Cette ann\u00e9e nos \u00e9l\u00e8ves sont \u00e0 nouveau aid\u00e9s par<\/p>\n","protected":false},"author":69,"featured_media":0,"comment_status":"open","ping_status":"open","sticky":false,"template":"","format":"standard","meta":{"footnotes":""},"categories":[1],"tags":[],"class_list":["post-249","post","type-post","status-publish","format-standard","hentry","category-non-classe"],"_links":{"self":[{"href":"https:\/\/www.fg-berlin.eu\/blogs\/jij2018\/wp-json\/wp\/v2\/posts\/249","targetHints":{"allow":["GET"]}}],"collection":[{"href":"https:\/\/www.fg-berlin.eu\/blogs\/jij2018\/wp-json\/wp\/v2\/posts"}],"about":[{"href":"https:\/\/www.fg-berlin.eu\/blogs\/jij2018\/wp-json\/wp\/v2\/types\/post"}],"author":[{"embeddable":true,"href":"https:\/\/www.fg-berlin.eu\/blogs\/jij2018\/wp-json\/wp\/v2\/users\/69"}],"replies":[{"embeddable":true,"href":"https:\/\/www.fg-berlin.eu\/blogs\/jij2018\/wp-json\/wp\/v2\/comments?post=249"}],"version-history":[{"count":8,"href":"https:\/\/www.fg-berlin.eu\/blogs\/jij2018\/wp-json\/wp\/v2\/posts\/249\/revisions"}],"predecessor-version":[{"id":388,"href":"https:\/\/www.fg-berlin.eu\/blogs\/jij2018\/wp-json\/wp\/v2\/posts\/249\/revisions\/388"}],"wp:attachment":[{"href":"https:\/\/www.fg-berlin.eu\/blogs\/jij2018\/wp-json\/wp\/v2\/media?parent=249"}],"wp:term":[{"taxonomy":"category","embeddable":true,"href":"https:\/\/www.fg-berlin.eu\/blogs\/jij2018\/wp-json\/wp\/v2\/categories?post=249"},{"taxonomy":"post_tag","embeddable":true,"href":"https:\/\/www.fg-berlin.eu\/blogs\/jij2018\/wp-json\/wp\/v2\/tags?post=249"}],"curies":[{"name":"wp","href":"https:\/\/api.w.org\/{rel}","templated":true}]}}