{"id":247,"date":"2018-12-01T13:44:14","date_gmt":"2018-12-01T12:44:14","guid":{"rendered":"http:\/\/www.fg-berlin.eu\/blogs\/jij2018\/?p=247"},"modified":"2018-12-01T13:44:17","modified_gmt":"2018-12-01T12:44:17","slug":"preparation-des-projets-2018","status":"publish","type":"post","link":"https:\/\/www.fg-berlin.eu\/blogs\/jij2018\/2018\/12\/01\/preparation-des-projets-2018\/","title":{"rendered":"Pr\u00e9paration des projets 2018"},"content":{"rendered":"\n<p>Les projets 2018 sont lanc\u00e9s et nos \u00e9l\u00e8ves tr\u00e8s motiv\u00e9s.<\/p>\n\n\n\n<p>Janvier 2019 : une \u00e9quipe d&rsquo;\u00e9l\u00e8ves en classe de troisi\u00e8me repr\u00e9sentera le lyc\u00e9e aux jeux du Golfe \u00e0 Duba\u00ef.<\/p>\n\n\n\n<p>Juin 2019 : une \u00e9quipe d&rsquo;\u00e9l\u00e8ves en classe de seconde participera aux Jeux Internationaux de la Jeunesse JIJ \u00e0 Beyroyuth<\/p>\n\n\n\n<figure class=\"wp-block-image\"><img loading=\"lazy\" decoding=\"async\" width=\"756\" height=\"756\" src=\"https:\/\/www.fg-berlin.eu\/blogs\/jij2018\/wp-content\/uploads\/sites\/26\/2018\/12\/pelemele.jpg\" alt=\"\" class=\"wp-image-248\" srcset=\"https:\/\/www.fg-berlin.eu\/blogs\/jij2018\/wp-content\/uploads\/sites\/26\/2018\/12\/pelemele.jpg 756w, https:\/\/www.fg-berlin.eu\/blogs\/jij2018\/wp-content\/uploads\/sites\/26\/2018\/12\/pelemele-150x150.jpg 150w, https:\/\/www.fg-berlin.eu\/blogs\/jij2018\/wp-content\/uploads\/sites\/26\/2018\/12\/pelemele-300x300.jpg 300w\" sizes=\"auto, (max-width: 756px) 100vw, 756px\" \/><\/figure>\n","protected":false},"excerpt":{"rendered":"<p>Les projets 2018 sont lanc\u00e9s et nos \u00e9l\u00e8ves tr\u00e8s motiv\u00e9s. Janvier 2019 : une \u00e9quipe d&rsquo;\u00e9l\u00e8ves en classe de troisi\u00e8me repr\u00e9sentera le lyc\u00e9e aux jeux du Golfe \u00e0 Duba\u00ef. Juin 2019 : une \u00e9quipe d&rsquo;\u00e9l\u00e8ves en classe de seconde participera aux Jeux Internationaux de la Jeunesse JIJ \u00e0 Beyroyuth<\/p>\n","protected":false},"author":69,"featured_media":0,"comment_status":"open","ping_status":"open","sticky":false,"template":"","format":"standard","meta":{"footnotes":""},"categories":[1],"tags":[],"class_list":["post-247","post","type-post","status-publish","format-standard","hentry","category-non-classe"],"_links":{"self":[{"href":"https:\/\/www.fg-berlin.eu\/blogs\/jij2018\/wp-json\/wp\/v2\/posts\/247","targetHints":{"allow":["GET"]}}],"collection":[{"href":"https:\/\/www.fg-berlin.eu\/blogs\/jij2018\/wp-json\/wp\/v2\/posts"}],"about":[{"href":"https:\/\/www.fg-berlin.eu\/blogs\/jij2018\/wp-json\/wp\/v2\/types\/post"}],"author":[{"embeddable":true,"href":"https:\/\/www.fg-berlin.eu\/blogs\/jij2018\/wp-json\/wp\/v2\/users\/69"}],"replies":[{"embeddable":true,"href":"https:\/\/www.fg-berlin.eu\/blogs\/jij2018\/wp-json\/wp\/v2\/comments?post=247"}],"version-history":[{"count":1,"href":"https:\/\/www.fg-berlin.eu\/blogs\/jij2018\/wp-json\/wp\/v2\/posts\/247\/revisions"}],"predecessor-version":[{"id":258,"href":"https:\/\/www.fg-berlin.eu\/blogs\/jij2018\/wp-json\/wp\/v2\/posts\/247\/revisions\/258"}],"wp:attachment":[{"href":"https:\/\/www.fg-berlin.eu\/blogs\/jij2018\/wp-json\/wp\/v2\/media?parent=247"}],"wp:term":[{"taxonomy":"category","embeddable":true,"href":"https:\/\/www.fg-berlin.eu\/blogs\/jij2018\/wp-json\/wp\/v2\/categories?post=247"},{"taxonomy":"post_tag","embeddable":true,"href":"https:\/\/www.fg-berlin.eu\/blogs\/jij2018\/wp-json\/wp\/v2\/tags?post=247"}],"curies":[{"name":"wp","href":"https:\/\/api.w.org\/{rel}","templated":true}]}}