{"id":232,"date":"2018-06-16T14:44:44","date_gmt":"2018-06-16T12:44:44","guid":{"rendered":"http:\/\/www.fg-berlin.eu\/blogs\/jij2018\/?p=232"},"modified":"2018-06-16T15:00:00","modified_gmt":"2018-06-16T13:00:00","slug":"et-cest-fini-pour-ledition-2018","status":"publish","type":"post","link":"https:\/\/www.fg-berlin.eu\/blogs\/jij2018\/2018\/06\/16\/et-cest-fini-pour-ledition-2018\/","title":{"rendered":"Et c\u00b4est fini pour l\u00b4\u00e9dition 2018 !"},"content":{"rendered":"<p>Apr\u00e8s 3 jours de comp\u00e9titions tr\u00e8s physiques et intenses, plus de 10 \u00e9preuves, des \u00e9changes inoubliables, la d\u00e9couverte d\u00b4une r\u00e9gion m\u00e9connue mais magnifique, l\u00b4\u00e9dition 2018 des JIJ s\u00b4ach\u00e8ve.<\/p>\n<p>L\u00b4engagement et le s\u00e9rieux des \u00e9l\u00e8ves f\u00fbrent remarquable. Merci \u00e0 eux d\u00b4avoir port\u00e9 fi\u00e8rement les couleurs du FG<\/p>\n<p>Un grand bravo \u00e0 l\u00b4organisation pour cette comp\u00e9titon inoubliable.<\/p>\n<p>Et pour finir bien entendu, le classement !<\/p>\n<p>La team Berlin finit&#8230;&#8230;&#8230;&#8230;&#8230;&#8230;&#8230;&#8230;&#8230;&#8230;&#8230;&#8230;<\/p>\n<p>29e ! Son meilleur classement depuis que le lyc\u00e9e participe au JIJ !<\/p>\n<p>Merci \u00e0 tous de nous avoir suivi sur ce blog<\/p>\n<p>A tr\u00e8s bient\u00f4t pour l\u00b4\u00e9dition 2019 au LIBAN !!!<\/p>\n<p><img loading=\"lazy\" decoding=\"async\" class=\"alignnone size-medium wp-image-233\" src=\"http:\/\/www.fg-berlin.eu\/blogs\/jij2018\/wp-content\/uploads\/sites\/26\/2018\/06\/IMG_5372-300x225.jpg\" alt=\"\" width=\"300\" height=\"225\" srcset=\"https:\/\/www.fg-berlin.eu\/blogs\/jij2018\/wp-content\/uploads\/sites\/26\/2018\/06\/IMG_5372-300x225.jpg 300w, https:\/\/www.fg-berlin.eu\/blogs\/jij2018\/wp-content\/uploads\/sites\/26\/2018\/06\/IMG_5372-768x576.jpg 768w, https:\/\/www.fg-berlin.eu\/blogs\/jij2018\/wp-content\/uploads\/sites\/26\/2018\/06\/IMG_5372-1024x768.jpg 1024w\" sizes=\"auto, (max-width: 300px) 100vw, 300px\" \/><\/p>\n<p>&nbsp;<\/p>\n<p>&nbsp;<\/p>\n<p>&nbsp;<\/p>\n","protected":false},"excerpt":{"rendered":"<p>Apr\u00e8s 3 jours de comp\u00e9titions tr\u00e8s physiques et intenses, plus de 10 \u00e9preuves, des \u00e9changes inoubliables, la d\u00e9couverte d\u00b4une r\u00e9gion m\u00e9connue mais magnifique, l\u00b4\u00e9dition 2018 des JIJ s\u00b4ach\u00e8ve. L\u00b4engagement et le s\u00e9rieux des \u00e9l\u00e8ves f\u00fbrent remarquable. Merci \u00e0 eux d\u00b4avoir port\u00e9 fi\u00e8rement les couleurs du FG Un grand bravo \u00e0 l\u00b4organisation pour cette comp\u00e9titon inoubliable. &hellip; <a href=\"https:\/\/www.fg-berlin.eu\/blogs\/jij2018\/2018\/06\/16\/et-cest-fini-pour-ledition-2018\/\" class=\"more-link\">Continuer la lecture de <span class=\"screen-reader-text\">Et c\u00b4est fini pour l\u00b4\u00e9dition 2018 !<\/span><\/a><\/p>\n","protected":false},"author":69,"featured_media":0,"comment_status":"open","ping_status":"open","sticky":false,"template":"","format":"standard","meta":{"footnotes":""},"categories":[1],"tags":[],"class_list":["post-232","post","type-post","status-publish","format-standard","hentry","category-non-classe"],"_links":{"self":[{"href":"https:\/\/www.fg-berlin.eu\/blogs\/jij2018\/wp-json\/wp\/v2\/posts\/232","targetHints":{"allow":["GET"]}}],"collection":[{"href":"https:\/\/www.fg-berlin.eu\/blogs\/jij2018\/wp-json\/wp\/v2\/posts"}],"about":[{"href":"https:\/\/www.fg-berlin.eu\/blogs\/jij2018\/wp-json\/wp\/v2\/types\/post"}],"author":[{"embeddable":true,"href":"https:\/\/www.fg-berlin.eu\/blogs\/jij2018\/wp-json\/wp\/v2\/users\/69"}],"replies":[{"embeddable":true,"href":"https:\/\/www.fg-berlin.eu\/blogs\/jij2018\/wp-json\/wp\/v2\/comments?post=232"}],"version-history":[{"count":3,"href":"https:\/\/www.fg-berlin.eu\/blogs\/jij2018\/wp-json\/wp\/v2\/posts\/232\/revisions"}],"predecessor-version":[{"id":236,"href":"https:\/\/www.fg-berlin.eu\/blogs\/jij2018\/wp-json\/wp\/v2\/posts\/232\/revisions\/236"}],"wp:attachment":[{"href":"https:\/\/www.fg-berlin.eu\/blogs\/jij2018\/wp-json\/wp\/v2\/media?parent=232"}],"wp:term":[{"taxonomy":"category","embeddable":true,"href":"https:\/\/www.fg-berlin.eu\/blogs\/jij2018\/wp-json\/wp\/v2\/categories?post=232"},{"taxonomy":"post_tag","embeddable":true,"href":"https:\/\/www.fg-berlin.eu\/blogs\/jij2018\/wp-json\/wp\/v2\/tags?post=232"}],"curies":[{"name":"wp","href":"https:\/\/api.w.org\/{rel}","templated":true}]}}