{"id":214,"date":"2018-06-16T14:31:42","date_gmt":"2018-06-16T12:31:42","guid":{"rendered":"http:\/\/www.fg-berlin.eu\/blogs\/jij2018\/?p=214"},"modified":"2018-06-16T14:31:42","modified_gmt":"2018-06-16T12:31:42","slug":"vendredi-15-juin-dernier-jour-de-competition","status":"publish","type":"post","link":"https:\/\/www.fg-berlin.eu\/blogs\/jij2018\/2018\/06\/16\/vendredi-15-juin-dernier-jour-de-competition\/","title":{"rendered":"vendredi 15 juin, dernier jour de comp\u00e9tition"},"content":{"rendered":"<p>Deux \u00e9preuves pr\u00e9vues au programme du matin:<\/p>\n<p>escalade&#8230;<\/p>\n<p><img loading=\"lazy\" decoding=\"async\" class=\"alignnone size-medium wp-image-216\" src=\"http:\/\/www.fg-berlin.eu\/blogs\/jij2018\/wp-content\/uploads\/sites\/26\/2018\/06\/IMG_6612-225x300.jpg\" alt=\"\" width=\"225\" height=\"300\" srcset=\"https:\/\/www.fg-berlin.eu\/blogs\/jij2018\/wp-content\/uploads\/sites\/26\/2018\/06\/IMG_6612-225x300.jpg 225w, https:\/\/www.fg-berlin.eu\/blogs\/jij2018\/wp-content\/uploads\/sites\/26\/2018\/06\/IMG_6612-768x1024.jpg 768w\" sizes=\"auto, (max-width: 225px) 100vw, 225px\" \/> <img loading=\"lazy\" decoding=\"async\" class=\"alignnone size-medium wp-image-217\" src=\"http:\/\/www.fg-berlin.eu\/blogs\/jij2018\/wp-content\/uploads\/sites\/26\/2018\/06\/IMG_6615-225x300.jpg\" alt=\"\" width=\"225\" height=\"300\" srcset=\"https:\/\/www.fg-berlin.eu\/blogs\/jij2018\/wp-content\/uploads\/sites\/26\/2018\/06\/IMG_6615-225x300.jpg 225w, https:\/\/www.fg-berlin.eu\/blogs\/jij2018\/wp-content\/uploads\/sites\/26\/2018\/06\/IMG_6615-768x1024.jpg 768w\" sizes=\"auto, (max-width: 225px) 100vw, 225px\" \/><\/p>\n<p>initiation au Slack-lane<\/p>\n<p><img loading=\"lazy\" decoding=\"async\" class=\"alignnone size-medium wp-image-218\" src=\"http:\/\/www.fg-berlin.eu\/blogs\/jij2018\/wp-content\/uploads\/sites\/26\/2018\/06\/IMG_6626-225x300.jpg\" alt=\"\" width=\"225\" height=\"300\" srcset=\"https:\/\/www.fg-berlin.eu\/blogs\/jij2018\/wp-content\/uploads\/sites\/26\/2018\/06\/IMG_6626-225x300.jpg 225w, https:\/\/www.fg-berlin.eu\/blogs\/jij2018\/wp-content\/uploads\/sites\/26\/2018\/06\/IMG_6626-768x1024.jpg 768w\" sizes=\"auto, (max-width: 225px) 100vw, 225px\" \/> <img loading=\"lazy\" decoding=\"async\" class=\"alignnone size-medium wp-image-219\" src=\"http:\/\/www.fg-berlin.eu\/blogs\/jij2018\/wp-content\/uploads\/sites\/26\/2018\/06\/IMG_6628-225x300.jpg\" alt=\"\" width=\"225\" height=\"300\" srcset=\"https:\/\/www.fg-berlin.eu\/blogs\/jij2018\/wp-content\/uploads\/sites\/26\/2018\/06\/IMG_6628-225x300.jpg 225w, https:\/\/www.fg-berlin.eu\/blogs\/jij2018\/wp-content\/uploads\/sites\/26\/2018\/06\/IMG_6628-768x1024.jpg 768w\" sizes=\"auto, (max-width: 225px) 100vw, 225px\" \/><\/p>\n<p>C\u00b4est plus facile par terre !<\/p>\n<p><img loading=\"lazy\" decoding=\"async\" class=\"alignnone size-medium wp-image-220\" src=\"http:\/\/www.fg-berlin.eu\/blogs\/jij2018\/wp-content\/uploads\/sites\/26\/2018\/06\/IMG_6637-225x300.jpg\" alt=\"\" width=\"225\" height=\"300\" srcset=\"https:\/\/www.fg-berlin.eu\/blogs\/jij2018\/wp-content\/uploads\/sites\/26\/2018\/06\/IMG_6637-225x300.jpg 225w, https:\/\/www.fg-berlin.eu\/blogs\/jij2018\/wp-content\/uploads\/sites\/26\/2018\/06\/IMG_6637-768x1024.jpg 768w\" sizes=\"auto, (max-width: 225px) 100vw, 225px\" \/> <img loading=\"lazy\" decoding=\"async\" class=\"alignnone size-medium wp-image-221\" src=\"http:\/\/www.fg-berlin.eu\/blogs\/jij2018\/wp-content\/uploads\/sites\/26\/2018\/06\/IMG_6646-225x300.jpg\" alt=\"\" width=\"225\" height=\"300\" srcset=\"https:\/\/www.fg-berlin.eu\/blogs\/jij2018\/wp-content\/uploads\/sites\/26\/2018\/06\/IMG_6646-225x300.jpg 225w, https:\/\/www.fg-berlin.eu\/blogs\/jij2018\/wp-content\/uploads\/sites\/26\/2018\/06\/IMG_6646-768x1024.jpg 768w\" sizes=\"auto, (max-width: 225px) 100vw, 225px\" \/><\/p>\n<p>en parall\u00e8le l\u00b4\u00e9preuve de Trail \/ course d\u00b4orientation qui commence par une mont\u00e9e de 6 minutes \u00e0 fond !<\/p>\n<p><img loading=\"lazy\" decoding=\"async\" class=\"alignnone size-medium wp-image-230\" src=\"http:\/\/www.fg-berlin.eu\/blogs\/jij2018\/wp-content\/uploads\/sites\/26\/2018\/06\/IMG_5673-300x169.jpg\" alt=\"\" width=\"300\" height=\"169\" srcset=\"https:\/\/www.fg-berlin.eu\/blogs\/jij2018\/wp-content\/uploads\/sites\/26\/2018\/06\/IMG_5673-300x169.jpg 300w, https:\/\/www.fg-berlin.eu\/blogs\/jij2018\/wp-content\/uploads\/sites\/26\/2018\/06\/IMG_5673-768x432.jpg 768w, https:\/\/www.fg-berlin.eu\/blogs\/jij2018\/wp-content\/uploads\/sites\/26\/2018\/06\/IMG_5673-1024x575.jpg 1024w\" sizes=\"auto, (max-width: 300px) 100vw, 300px\" \/><\/p>\n<p><img loading=\"lazy\" decoding=\"async\" class=\"alignnone size-medium wp-image-229\" src=\"http:\/\/www.fg-berlin.eu\/blogs\/jij2018\/wp-content\/uploads\/sites\/26\/2018\/06\/IMG_5679-300x225.jpg\" alt=\"\" width=\"300\" height=\"225\" srcset=\"https:\/\/www.fg-berlin.eu\/blogs\/jij2018\/wp-content\/uploads\/sites\/26\/2018\/06\/IMG_5679-300x225.jpg 300w, https:\/\/www.fg-berlin.eu\/blogs\/jij2018\/wp-content\/uploads\/sites\/26\/2018\/06\/IMG_5679-768x576.jpg 768w, https:\/\/www.fg-berlin.eu\/blogs\/jij2018\/wp-content\/uploads\/sites\/26\/2018\/06\/IMG_5679-1024x768.jpg 1024w\" sizes=\"auto, (max-width: 300px) 100vw, 300px\" \/><\/p>\n<p>Ensuite pique-nique avec toutes les d\u00e9l\u00e9gations<\/p>\n<p><img loading=\"lazy\" decoding=\"async\" class=\"alignnone size-medium wp-image-215\" src=\"http:\/\/www.fg-berlin.eu\/blogs\/jij2018\/wp-content\/uploads\/sites\/26\/2018\/06\/IMG_6681-300x225.jpg\" alt=\"\" width=\"300\" height=\"225\" srcset=\"https:\/\/www.fg-berlin.eu\/blogs\/jij2018\/wp-content\/uploads\/sites\/26\/2018\/06\/IMG_6681-300x225.jpg 300w, https:\/\/www.fg-berlin.eu\/blogs\/jij2018\/wp-content\/uploads\/sites\/26\/2018\/06\/IMG_6681-768x576.jpg 768w, https:\/\/www.fg-berlin.eu\/blogs\/jij2018\/wp-content\/uploads\/sites\/26\/2018\/06\/IMG_6681-1024x768.jpg 1024w\" sizes=\"auto, (max-width: 300px) 100vw, 300px\" \/><\/p>\n<p>et petite si\u00e8ste rapide&#8230;<\/p>\n<p><img loading=\"lazy\" decoding=\"async\" class=\"alignnone size-medium wp-image-226\" src=\"http:\/\/www.fg-berlin.eu\/blogs\/jij2018\/wp-content\/uploads\/sites\/26\/2018\/06\/IMG_5693-300x225.jpg\" alt=\"\" width=\"300\" height=\"225\" srcset=\"https:\/\/www.fg-berlin.eu\/blogs\/jij2018\/wp-content\/uploads\/sites\/26\/2018\/06\/IMG_5693-300x225.jpg 300w, https:\/\/www.fg-berlin.eu\/blogs\/jij2018\/wp-content\/uploads\/sites\/26\/2018\/06\/IMG_5693-768x576.jpg 768w, https:\/\/www.fg-berlin.eu\/blogs\/jij2018\/wp-content\/uploads\/sites\/26\/2018\/06\/IMG_5693-1024x768.jpg 1024w\" sizes=\"auto, (max-width: 300px) 100vw, 300px\" \/><\/p>\n<p>L\u00b4\u00e9quipe termine ces JIJ par l\u00b4\u00e9preuve de VTT<\/p>\n<p><img loading=\"lazy\" decoding=\"async\" class=\"alignnone size-medium wp-image-224\" src=\"http:\/\/www.fg-berlin.eu\/blogs\/jij2018\/wp-content\/uploads\/sites\/26\/2018\/06\/IMG_5700-300x225.jpg\" alt=\"\" width=\"300\" height=\"225\" srcset=\"https:\/\/www.fg-berlin.eu\/blogs\/jij2018\/wp-content\/uploads\/sites\/26\/2018\/06\/IMG_5700-300x225.jpg 300w, https:\/\/www.fg-berlin.eu\/blogs\/jij2018\/wp-content\/uploads\/sites\/26\/2018\/06\/IMG_5700-768x576.jpg 768w, https:\/\/www.fg-berlin.eu\/blogs\/jij2018\/wp-content\/uploads\/sites\/26\/2018\/06\/IMG_5700-1024x768.jpg 1024w\" sizes=\"auto, (max-width: 300px) 100vw, 300px\" \/> <img loading=\"lazy\" decoding=\"async\" class=\"alignnone size-medium wp-image-225\" src=\"http:\/\/www.fg-berlin.eu\/blogs\/jij2018\/wp-content\/uploads\/sites\/26\/2018\/06\/IMG_5694-300x225.jpg\" alt=\"\" width=\"300\" height=\"225\" srcset=\"https:\/\/www.fg-berlin.eu\/blogs\/jij2018\/wp-content\/uploads\/sites\/26\/2018\/06\/IMG_5694-300x225.jpg 300w, https:\/\/www.fg-berlin.eu\/blogs\/jij2018\/wp-content\/uploads\/sites\/26\/2018\/06\/IMG_5694-768x576.jpg 768w, https:\/\/www.fg-berlin.eu\/blogs\/jij2018\/wp-content\/uploads\/sites\/26\/2018\/06\/IMG_5694-1024x768.jpg 1024w\" sizes=\"auto, (max-width: 300px) 100vw, 300px\" \/> <img loading=\"lazy\" decoding=\"async\" class=\"alignnone size-medium wp-image-227\" src=\"http:\/\/www.fg-berlin.eu\/blogs\/jij2018\/wp-content\/uploads\/sites\/26\/2018\/06\/IMG_5690-300x225.jpg\" alt=\"\" width=\"300\" height=\"225\" srcset=\"https:\/\/www.fg-berlin.eu\/blogs\/jij2018\/wp-content\/uploads\/sites\/26\/2018\/06\/IMG_5690-300x225.jpg 300w, https:\/\/www.fg-berlin.eu\/blogs\/jij2018\/wp-content\/uploads\/sites\/26\/2018\/06\/IMG_5690-768x576.jpg 768w, https:\/\/www.fg-berlin.eu\/blogs\/jij2018\/wp-content\/uploads\/sites\/26\/2018\/06\/IMG_5690-1024x768.jpg 1024w\" sizes=\"auto, (max-width: 300px) 100vw, 300px\" \/><img loading=\"lazy\" decoding=\"async\" class=\"alignnone size-medium wp-image-223\" src=\"http:\/\/www.fg-berlin.eu\/blogs\/jij2018\/wp-content\/uploads\/sites\/26\/2018\/06\/IMG_5704-300x225.jpg\" alt=\"\" width=\"300\" height=\"225\" srcset=\"https:\/\/www.fg-berlin.eu\/blogs\/jij2018\/wp-content\/uploads\/sites\/26\/2018\/06\/IMG_5704-300x225.jpg 300w, https:\/\/www.fg-berlin.eu\/blogs\/jij2018\/wp-content\/uploads\/sites\/26\/2018\/06\/IMG_5704-768x576.jpg 768w, https:\/\/www.fg-berlin.eu\/blogs\/jij2018\/wp-content\/uploads\/sites\/26\/2018\/06\/IMG_5704-1024x768.jpg 1024w\" sizes=\"auto, (max-width: 300px) 100vw, 300px\" \/><img loading=\"lazy\" decoding=\"async\" class=\"alignnone size-medium wp-image-222\" src=\"http:\/\/www.fg-berlin.eu\/blogs\/jij2018\/wp-content\/uploads\/sites\/26\/2018\/06\/IMG_5706-300x225.jpg\" alt=\"\" width=\"300\" height=\"225\" srcset=\"https:\/\/www.fg-berlin.eu\/blogs\/jij2018\/wp-content\/uploads\/sites\/26\/2018\/06\/IMG_5706-300x225.jpg 300w, https:\/\/www.fg-berlin.eu\/blogs\/jij2018\/wp-content\/uploads\/sites\/26\/2018\/06\/IMG_5706-768x576.jpg 768w, https:\/\/www.fg-berlin.eu\/blogs\/jij2018\/wp-content\/uploads\/sites\/26\/2018\/06\/IMG_5706-1024x768.jpg 1024w\" sizes=\"auto, (max-width: 300px) 100vw, 300px\" \/><\/p>\n<p>&nbsp;<\/p>\n","protected":false},"excerpt":{"rendered":"<p>Deux \u00e9preuves pr\u00e9vues au programme du matin: escalade&#8230; initiation au Slack-lane C\u00b4est plus facile par terre ! en parall\u00e8le l\u00b4\u00e9preuve de Trail \/ course d\u00b4orientation qui commence par une mont\u00e9e de 6 minutes \u00e0 fond ! Ensuite pique-nique avec toutes les d\u00e9l\u00e9gations et petite si\u00e8ste rapide&#8230; L\u00b4\u00e9quipe termine ces JIJ par l\u00b4\u00e9preuve de VTT &nbsp;<\/p>\n","protected":false},"author":69,"featured_media":0,"comment_status":"open","ping_status":"open","sticky":false,"template":"","format":"standard","meta":{"footnotes":""},"categories":[1],"tags":[],"class_list":["post-214","post","type-post","status-publish","format-standard","hentry","category-non-classe"],"_links":{"self":[{"href":"https:\/\/www.fg-berlin.eu\/blogs\/jij2018\/wp-json\/wp\/v2\/posts\/214","targetHints":{"allow":["GET"]}}],"collection":[{"href":"https:\/\/www.fg-berlin.eu\/blogs\/jij2018\/wp-json\/wp\/v2\/posts"}],"about":[{"href":"https:\/\/www.fg-berlin.eu\/blogs\/jij2018\/wp-json\/wp\/v2\/types\/post"}],"author":[{"embeddable":true,"href":"https:\/\/www.fg-berlin.eu\/blogs\/jij2018\/wp-json\/wp\/v2\/users\/69"}],"replies":[{"embeddable":true,"href":"https:\/\/www.fg-berlin.eu\/blogs\/jij2018\/wp-json\/wp\/v2\/comments?post=214"}],"version-history":[{"count":1,"href":"https:\/\/www.fg-berlin.eu\/blogs\/jij2018\/wp-json\/wp\/v2\/posts\/214\/revisions"}],"predecessor-version":[{"id":231,"href":"https:\/\/www.fg-berlin.eu\/blogs\/jij2018\/wp-json\/wp\/v2\/posts\/214\/revisions\/231"}],"wp:attachment":[{"href":"https:\/\/www.fg-berlin.eu\/blogs\/jij2018\/wp-json\/wp\/v2\/media?parent=214"}],"wp:term":[{"taxonomy":"category","embeddable":true,"href":"https:\/\/www.fg-berlin.eu\/blogs\/jij2018\/wp-json\/wp\/v2\/categories?post=214"},{"taxonomy":"post_tag","embeddable":true,"href":"https:\/\/www.fg-berlin.eu\/blogs\/jij2018\/wp-json\/wp\/v2\/tags?post=214"}],"curies":[{"name":"wp","href":"https:\/\/api.w.org\/{rel}","templated":true}]}}