{"id":129,"date":"2018-06-13T00:33:40","date_gmt":"2018-06-12T22:33:40","guid":{"rendered":"http:\/\/www.fg-berlin.eu\/blogs\/jij2018\/?p=129"},"modified":"2018-06-13T21:20:14","modified_gmt":"2018-06-13T19:20:14","slug":"arrivee","status":"publish","type":"post","link":"https:\/\/www.fg-berlin.eu\/blogs\/jij2018\/2018\/06\/13\/arrivee\/","title":{"rendered":"arriv\u00e9e"},"content":{"rendered":"<p><img loading=\"lazy\" decoding=\"async\" class=\"size-medium wp-image-130 aligncenter\" src=\"http:\/\/www.fg-berlin.eu\/blogs\/jij2018\/wp-content\/uploads\/sites\/26\/2018\/06\/tn_IMG_5366-225x300.jpg\" alt=\"\" width=\"225\" height=\"300\" srcset=\"https:\/\/www.fg-berlin.eu\/blogs\/jij2018\/wp-content\/uploads\/sites\/26\/2018\/06\/tn_IMG_5366-225x300.jpg 225w, https:\/\/www.fg-berlin.eu\/blogs\/jij2018\/wp-content\/uploads\/sites\/26\/2018\/06\/tn_IMG_5366.jpg 450w\" sizes=\"auto, (max-width: 225px) 100vw, 225px\" \/>L&rsquo;avion a eu un peu de retard et certains \u00e9taient d\u00e9j\u00e0 fatigu\u00e9 <img loading=\"lazy\" decoding=\"async\" class=\"size-medium wp-image-131 aligncenter\" src=\"http:\/\/www.fg-berlin.eu\/blogs\/jij2018\/wp-content\/uploads\/sites\/26\/2018\/06\/tn_IMG_5369-225x300.jpg\" alt=\"\" width=\"225\" height=\"300\" srcset=\"https:\/\/www.fg-berlin.eu\/blogs\/jij2018\/wp-content\/uploads\/sites\/26\/2018\/06\/tn_IMG_5369-225x300.jpg 225w, https:\/\/www.fg-berlin.eu\/blogs\/jij2018\/wp-content\/uploads\/sites\/26\/2018\/06\/tn_IMG_5369.jpg 450w\" sizes=\"auto, (max-width: 225px) 100vw, 225px\" \/><\/p>\n<p>&nbsp;<\/p>\n<p>finalement le vol s&rsquo;est bien pass\u00e9 et apr\u00e8s 1h40 de route<\/p>\n<p><img loading=\"lazy\" decoding=\"async\" class=\"alignnone size-medium wp-image-139\" src=\"http:\/\/www.fg-berlin.eu\/blogs\/jij2018\/wp-content\/uploads\/sites\/26\/2018\/06\/tn_IMG_20180612_143206-300x225.jpg\" alt=\"\" width=\"300\" height=\"225\" srcset=\"https:\/\/www.fg-berlin.eu\/blogs\/jij2018\/wp-content\/uploads\/sites\/26\/2018\/06\/tn_IMG_20180612_143206-300x225.jpg 300w, https:\/\/www.fg-berlin.eu\/blogs\/jij2018\/wp-content\/uploads\/sites\/26\/2018\/06\/tn_IMG_20180612_143206.jpg 600w\" sizes=\"auto, (max-width: 300px) 100vw, 300px\" \/><\/p>\n<p>nous voil\u00e0 arriv\u00e9 \u00e0 Vesoul<\/p>\n<p><img loading=\"lazy\" decoding=\"async\" class=\"size-medium wp-image-132 aligncenter\" src=\"http:\/\/www.fg-berlin.eu\/blogs\/jij2018\/wp-content\/uploads\/sites\/26\/2018\/06\/tn_IMG_5372-300x225.jpg\" alt=\"\" width=\"300\" height=\"225\" srcset=\"https:\/\/www.fg-berlin.eu\/blogs\/jij2018\/wp-content\/uploads\/sites\/26\/2018\/06\/tn_IMG_5372-300x225.jpg 300w, https:\/\/www.fg-berlin.eu\/blogs\/jij2018\/wp-content\/uploads\/sites\/26\/2018\/06\/tn_IMG_5372.jpg 600w\" sizes=\"auto, (max-width: 300px) 100vw, 300px\" \/><\/p>\n<p>d\u00e9fil\u00e9 dans Vesoul<\/p>\n<p><img loading=\"lazy\" decoding=\"async\" class=\"alignnone size-medium wp-image-133\" src=\"http:\/\/www.fg-berlin.eu\/blogs\/jij2018\/wp-content\/uploads\/sites\/26\/2018\/06\/tn_IMG_5382-225x300.jpg\" alt=\"\" width=\"225\" height=\"300\" srcset=\"https:\/\/www.fg-berlin.eu\/blogs\/jij2018\/wp-content\/uploads\/sites\/26\/2018\/06\/tn_IMG_5382-225x300.jpg 225w, https:\/\/www.fg-berlin.eu\/blogs\/jij2018\/wp-content\/uploads\/sites\/26\/2018\/06\/tn_IMG_5382.jpg 450w\" sizes=\"auto, (max-width: 225px) 100vw, 225px\" \/> <img loading=\"lazy\" decoding=\"async\" class=\"alignnone size-medium wp-image-134\" src=\"http:\/\/www.fg-berlin.eu\/blogs\/jij2018\/wp-content\/uploads\/sites\/26\/2018\/06\/tn_IMG_5396-300x225.jpg\" alt=\"\" width=\"300\" height=\"225\" srcset=\"https:\/\/www.fg-berlin.eu\/blogs\/jij2018\/wp-content\/uploads\/sites\/26\/2018\/06\/tn_IMG_5396-300x225.jpg 300w, https:\/\/www.fg-berlin.eu\/blogs\/jij2018\/wp-content\/uploads\/sites\/26\/2018\/06\/tn_IMG_5396.jpg 600w\" sizes=\"auto, (max-width: 300px) 100vw, 300px\" \/><\/p>\n<p>&nbsp;<\/p>\n<p>jusqu&rsquo;\u00e0 l\u2019h\u00f4tel de ville<\/p>\n<p><img loading=\"lazy\" decoding=\"async\" class=\"alignnone size-medium wp-image-135\" src=\"http:\/\/www.fg-berlin.eu\/blogs\/jij2018\/wp-content\/uploads\/sites\/26\/2018\/06\/tn_IMG_5403-300x169.jpg\" alt=\"\" width=\"300\" height=\"169\" srcset=\"https:\/\/www.fg-berlin.eu\/blogs\/jij2018\/wp-content\/uploads\/sites\/26\/2018\/06\/tn_IMG_5403-300x169.jpg 300w, https:\/\/www.fg-berlin.eu\/blogs\/jij2018\/wp-content\/uploads\/sites\/26\/2018\/06\/tn_IMG_5403.jpg 600w\" sizes=\"auto, (max-width: 300px) 100vw, 300px\" \/><\/p>\n<p>puis c\u00e9r\u00e9monie d&rsquo;ouverture des JIJ<\/p>\n<p><img loading=\"lazy\" decoding=\"async\" class=\"alignnone size-medium wp-image-136\" src=\"http:\/\/www.fg-berlin.eu\/blogs\/jij2018\/wp-content\/uploads\/sites\/26\/2018\/06\/tn_IMG_5407-300x169.jpg\" alt=\"\" width=\"300\" height=\"169\" srcset=\"https:\/\/www.fg-berlin.eu\/blogs\/jij2018\/wp-content\/uploads\/sites\/26\/2018\/06\/tn_IMG_5407-300x169.jpg 300w, https:\/\/www.fg-berlin.eu\/blogs\/jij2018\/wp-content\/uploads\/sites\/26\/2018\/06\/tn_IMG_5407.jpg 600w\" sizes=\"auto, (max-width: 300px) 100vw, 300px\" \/><\/p>\n<p>demain premi\u00e8re journ\u00e9e sportive<\/p>\n","protected":false},"excerpt":{"rendered":"<p>L&rsquo;avion a eu un peu de retard et certains \u00e9taient d\u00e9j\u00e0 fatigu\u00e9 &nbsp; finalement le vol s&rsquo;est bien pass\u00e9 et apr\u00e8s 1h40 de route nous voil\u00e0 arriv\u00e9 \u00e0 Vesoul d\u00e9fil\u00e9 dans Vesoul &nbsp; jusqu&rsquo;\u00e0 l\u2019h\u00f4tel de ville puis c\u00e9r\u00e9monie d&rsquo;ouverture des JIJ demain premi\u00e8re journ\u00e9e sportive<\/p>\n","protected":false},"author":69,"featured_media":0,"comment_status":"open","ping_status":"open","sticky":false,"template":"","format":"standard","meta":{"footnotes":""},"categories":[1],"tags":[],"class_list":["post-129","post","type-post","status-publish","format-standard","hentry","category-non-classe"],"_links":{"self":[{"href":"https:\/\/www.fg-berlin.eu\/blogs\/jij2018\/wp-json\/wp\/v2\/posts\/129","targetHints":{"allow":["GET"]}}],"collection":[{"href":"https:\/\/www.fg-berlin.eu\/blogs\/jij2018\/wp-json\/wp\/v2\/posts"}],"about":[{"href":"https:\/\/www.fg-berlin.eu\/blogs\/jij2018\/wp-json\/wp\/v2\/types\/post"}],"author":[{"embeddable":true,"href":"https:\/\/www.fg-berlin.eu\/blogs\/jij2018\/wp-json\/wp\/v2\/users\/69"}],"replies":[{"embeddable":true,"href":"https:\/\/www.fg-berlin.eu\/blogs\/jij2018\/wp-json\/wp\/v2\/comments?post=129"}],"version-history":[{"count":3,"href":"https:\/\/www.fg-berlin.eu\/blogs\/jij2018\/wp-json\/wp\/v2\/posts\/129\/revisions"}],"predecessor-version":[{"id":140,"href":"https:\/\/www.fg-berlin.eu\/blogs\/jij2018\/wp-json\/wp\/v2\/posts\/129\/revisions\/140"}],"wp:attachment":[{"href":"https:\/\/www.fg-berlin.eu\/blogs\/jij2018\/wp-json\/wp\/v2\/media?parent=129"}],"wp:term":[{"taxonomy":"category","embeddable":true,"href":"https:\/\/www.fg-berlin.eu\/blogs\/jij2018\/wp-json\/wp\/v2\/categories?post=129"},{"taxonomy":"post_tag","embeddable":true,"href":"https:\/\/www.fg-berlin.eu\/blogs\/jij2018\/wp-json\/wp\/v2\/tags?post=129"}],"curies":[{"name":"wp","href":"https:\/\/api.w.org\/{rel}","templated":true}]}}