{"id":9,"date":"2016-04-15T07:32:47","date_gmt":"2016-04-15T06:32:47","guid":{"rendered":"http:\/\/www.fg-berlin.eu\/blogs\/florence2016\/?p=9"},"modified":"2016-04-20T14:45:14","modified_gmt":"2016-04-20T13:45:14","slug":"voyage-au-berceau-de-la-renaissance","status":"publish","type":"post","link":"https:\/\/www.fg-berlin.eu\/blogs\/florence2016\/2016\/04\/15\/voyage-au-berceau-de-la-renaissance\/","title":{"rendered":"Voyage au berceau de la Renaissance"},"content":{"rendered":"<p><img loading=\"lazy\" decoding=\"async\" class=\"size-medium wp-image-14 aligncenter\" src=\"http:\/\/www.fg-berlin.eu\/blogs\/florence2016\/wp-content\/uploads\/sites\/18\/2016\/04\/IMGP2702-300x225.jpg\" alt=\"IMGP2702\" width=\"300\" height=\"225\" srcset=\"https:\/\/www.fg-berlin.eu\/blogs\/florence2016\/wp-content\/uploads\/sites\/18\/2016\/04\/IMGP2702-300x225.jpg 300w, https:\/\/www.fg-berlin.eu\/blogs\/florence2016\/wp-content\/uploads\/sites\/18\/2016\/04\/IMGP2702-768x576.jpg 768w, https:\/\/www.fg-berlin.eu\/blogs\/florence2016\/wp-content\/uploads\/sites\/18\/2016\/04\/IMGP2702-1024x768.jpg 1024w\" sizes=\"auto, (max-width: 300px) 100vw, 300px\" \/><\/p>\n<p style=\"text-align: left\">Du 26 au 30 janvier 2016, la classe de 1\u00e8re L du Franz\u00f6sisches Gymnasium est partie d\u00e9couvrir la ville des M\u00e9dicis afin d&rsquo;en rapporter toujours plus de connaissances sur la Renaissance, mais aussi de bons souvenirs !<\/p>\n","protected":false},"excerpt":{"rendered":"<p>Du 26 au 30 janvier 2016, la classe de 1\u00e8re L du Franz\u00f6sisches Gymnasium est partie d\u00e9couvrir la ville des M\u00e9dicis afin d&rsquo;en rapporter toujours plus de connaissances sur la Renaissance, mais aussi de bons souvenirs !<\/p>\n","protected":false},"author":14,"featured_media":0,"comment_status":"open","ping_status":"open","sticky":false,"template":"","format":"standard","meta":{"footnotes":""},"categories":[1],"tags":[],"class_list":["post-9","post","type-post","status-publish","format-standard","hentry","category-non-classe"],"_links":{"self":[{"href":"https:\/\/www.fg-berlin.eu\/blogs\/florence2016\/wp-json\/wp\/v2\/posts\/9","targetHints":{"allow":["GET"]}}],"collection":[{"href":"https:\/\/www.fg-berlin.eu\/blogs\/florence2016\/wp-json\/wp\/v2\/posts"}],"about":[{"href":"https:\/\/www.fg-berlin.eu\/blogs\/florence2016\/wp-json\/wp\/v2\/types\/post"}],"author":[{"embeddable":true,"href":"https:\/\/www.fg-berlin.eu\/blogs\/florence2016\/wp-json\/wp\/v2\/users\/14"}],"replies":[{"embeddable":true,"href":"https:\/\/www.fg-berlin.eu\/blogs\/florence2016\/wp-json\/wp\/v2\/comments?post=9"}],"version-history":[{"count":4,"href":"https:\/\/www.fg-berlin.eu\/blogs\/florence2016\/wp-json\/wp\/v2\/posts\/9\/revisions"}],"predecessor-version":[{"id":17,"href":"https:\/\/www.fg-berlin.eu\/blogs\/florence2016\/wp-json\/wp\/v2\/posts\/9\/revisions\/17"}],"wp:attachment":[{"href":"https:\/\/www.fg-berlin.eu\/blogs\/florence2016\/wp-json\/wp\/v2\/media?parent=9"}],"wp:term":[{"taxonomy":"category","embeddable":true,"href":"https:\/\/www.fg-berlin.eu\/blogs\/florence2016\/wp-json\/wp\/v2\/categories?post=9"},{"taxonomy":"post_tag","embeddable":true,"href":"https:\/\/www.fg-berlin.eu\/blogs\/florence2016\/wp-json\/wp\/v2\/tags?post=9"}],"curies":[{"name":"wp","href":"https:\/\/api.w.org\/{rel}","templated":true}]}}