{"id":70,"date":"2016-05-08T22:35:13","date_gmt":"2016-05-08T21:35:13","guid":{"rendered":"http:\/\/www.fg-berlin.eu\/blogs\/florence2016\/?p=70"},"modified":"2016-05-08T22:35:13","modified_gmt":"2016-05-08T21:35:13","slug":"david-de-michel-ange","status":"publish","type":"post","link":"https:\/\/www.fg-berlin.eu\/blogs\/florence2016\/2016\/05\/08\/david-de-michel-ange\/","title":{"rendered":"David de Michel-Ange"},"content":{"rendered":"<p>Nous avons fait une visite guid\u00e9e de l&rsquo;acad\u00e9mie des beaux-arts de Florence (<em>Accademia di Belle Arti di Firenze<\/em>), o\u00f9 nous avons pu voir la sculpture de David de Michel-Ange. Le David est une sculpture du courant de la Renaissance. Sa cr\u00e9ation a pris trois ans \u00e0 Michel-Ange, de 1501 \u00e0 1504. Le David mesure environ 5 m\u00e8tres.<\/p>\n<p>Il existe devant le<em> palazzo Vecchio\u00a0<\/em>une r\u00e9plique du David symbolisant le combat d&rsquo;une r\u00e9publique face \u00e0 un tyran. Le David original \u00e9tait, lui aussi, expos\u00e9 devant le palais mais fut retir\u00e9 \u00e0 partir de 1873. La r\u00e9plique le remplacera \u00e0 partir de 1910.<\/p>\n<p>Le David repr\u00e9sente le deuxi\u00e8me roi d&rsquo;Isra\u00ebl tenant une fronde (arme que l&rsquo;on faisait tourner au dessus de la t\u00eate afin d&rsquo;ensuite lancer une pierre sur ses ennemis) avant son combat avec Goliath. Nous avons aussi remarqu\u00e9 que les mains et la t\u00eate de David \u00e9taient plus grosses que le reste du corps (on peut aussi voir cet effet sur les autres statues de Michel-Ange). Pendant la visite guid\u00e9e, on nous a expliqu\u00e9 que Michel-Ange voulait cr\u00e9er un effet de perspective.<\/p>\n<p>Pablo<\/p>\n","protected":false},"excerpt":{"rendered":"<p>Nous avons fait une visite guid\u00e9e de l&rsquo;acad\u00e9mie des beaux-arts de Florence (Accademia di Belle Arti di Firenze), o\u00f9 nous avons pu voir la sculpture de David de Michel-Ange. Le David est une sculpture du courant de la Renaissance. Sa cr\u00e9ation a pris trois ans \u00e0 Michel-Ange, de 1501 \u00e0 1504. Le David mesure environ &hellip; <a href=\"https:\/\/www.fg-berlin.eu\/blogs\/florence2016\/2016\/05\/08\/david-de-michel-ange\/\" class=\"more-link\">Continuer la lecture de <span class=\"screen-reader-text\">David de Michel-Ange<\/span><\/a><\/p>\n","protected":false},"author":149,"featured_media":0,"comment_status":"open","ping_status":"open","sticky":false,"template":"","format":"standard","meta":{"footnotes":""},"categories":[1],"tags":[],"class_list":["post-70","post","type-post","status-publish","format-standard","hentry","category-non-classe"],"_links":{"self":[{"href":"https:\/\/www.fg-berlin.eu\/blogs\/florence2016\/wp-json\/wp\/v2\/posts\/70","targetHints":{"allow":["GET"]}}],"collection":[{"href":"https:\/\/www.fg-berlin.eu\/blogs\/florence2016\/wp-json\/wp\/v2\/posts"}],"about":[{"href":"https:\/\/www.fg-berlin.eu\/blogs\/florence2016\/wp-json\/wp\/v2\/types\/post"}],"author":[{"embeddable":true,"href":"https:\/\/www.fg-berlin.eu\/blogs\/florence2016\/wp-json\/wp\/v2\/users\/149"}],"replies":[{"embeddable":true,"href":"https:\/\/www.fg-berlin.eu\/blogs\/florence2016\/wp-json\/wp\/v2\/comments?post=70"}],"version-history":[{"count":4,"href":"https:\/\/www.fg-berlin.eu\/blogs\/florence2016\/wp-json\/wp\/v2\/posts\/70\/revisions"}],"predecessor-version":[{"id":101,"href":"https:\/\/www.fg-berlin.eu\/blogs\/florence2016\/wp-json\/wp\/v2\/posts\/70\/revisions\/101"}],"wp:attachment":[{"href":"https:\/\/www.fg-berlin.eu\/blogs\/florence2016\/wp-json\/wp\/v2\/media?parent=70"}],"wp:term":[{"taxonomy":"category","embeddable":true,"href":"https:\/\/www.fg-berlin.eu\/blogs\/florence2016\/wp-json\/wp\/v2\/categories?post=70"},{"taxonomy":"post_tag","embeddable":true,"href":"https:\/\/www.fg-berlin.eu\/blogs\/florence2016\/wp-json\/wp\/v2\/tags?post=70"}],"curies":[{"name":"wp","href":"https:\/\/api.w.org\/{rel}","templated":true}]}}