{"id":63,"date":"2016-05-08T22:44:30","date_gmt":"2016-05-08T21:44:30","guid":{"rendered":"http:\/\/www.fg-berlin.eu\/blogs\/florence2016\/?p=63"},"modified":"2016-05-08T22:44:30","modified_gmt":"2016-05-08T21:44:30","slug":"nos-highlights-a-florence","status":"publish","type":"post","link":"https:\/\/www.fg-berlin.eu\/blogs\/florence2016\/2016\/05\/08\/nos-highlights-a-florence\/","title":{"rendered":"Nos \u00ab\u00a0highlights\u00a0\u00bb \u00e0 Florence"},"content":{"rendered":"<p>Lors de notre voyage de classe \u00e0 Florence nous avons beaucoup appris sur la Renaissance. Un des mus\u00e9es que nous avions pu visiter et aussi un des plus connus est le mus\u00e9e des offices dans la \u00ab\u00a0Galleria degli Uffizi\u00a0\u00bb, qui se trouve pr\u00e8s du \u00ab\u00a0palazzo Vecchio\u00a0\u00bb. Le mus\u00e9e est dans un palais citadin de la Renaissance, construit au 16\u00e8me si\u00e8cle.<\/p>\n<p>Ouvert au public depuis 1765, le mus\u00e9e des Offices d\u00e9ploie, la plus belle collection au monde de peintures italiennes et des \u0153uvres de tous les grands ma\u00eetres europ\u00e9ens, d\u2019<a href=\"https:\/\/fr.wikipedia.org\/wiki\/Albrecht_D%C3%BCrer\">Albrecht D\u00fcrer<\/a> \u00e0 <a href=\"https:\/\/fr.wikipedia.org\/wiki\/Francisco_de_Goya\">Francisco de Goya<\/a>.<\/p>\n<p>Surtout \u00ab\u00a0La Naissance de V\u00e9nus\u00a0\u00bb de Botticelli nous a beaucoup impressionn\u00e9es. Apr\u00e8s avoir fait une visite guid\u00e9e, nous avons eu du temps libre pour regarder le reste du mus\u00e9e.<\/p>\n<p>Le temps qu&rsquo;on a pass\u00e9 \u00e0 Florence a renforc\u00e9 notre amiti\u00e9 et nous avons pass\u00e9 beaucoup de temps libre ensemble. On a eu l&rsquo;occasion de d\u00e9couvrir la ville ensemble. On \u00e9tait toujours \u00e0 quatre et on s&rsquo;est beaucoup amus\u00e9es.<\/p>\n<p>Pendant les pauses nous avons d\u00e9jeun\u00e9 ensemble et nous avons toujours trouv\u00e9 un endroit qui nous convenait toutes. Nous \u00e9tions contentes de pouvoir passer du temps un peu \u00e9loign\u00e9 du centre tr\u00e8s touristique de Florence.<\/p>\n<p>Le dernier jour que nous avons pass\u00e9 \u00e0 Florence nous avons visit\u00e9 le jardin \u00ab\u00a0Boboli\u00a0\u00bb, que\u00a0nous avons beaucoup appr\u00e9ci\u00e9 pour sa v\u00e9g\u00e9tations tr\u00e8s vari\u00e9e.<\/p>\n<p>Le parc historique se situe sur une colline, au sud du fleuve Arno, o\u00f9 nous n&rsquo;avons pratiquement pas \u00e9t\u00e9 auparavant. Il fallait payer pour entrer dans le parc, ce qui nous a un peu surpris, car nous n&rsquo;y sommes pas habitu\u00e9es \u00e0 Berlin. Le jardin est connu pour sa collection de sculptures romaines et florentines du 16\u00e8me et 17\u00e8me si\u00e8cle. Il a \u00e9t\u00e9 tenu en premier par la famille des Medicis, qui \u00e9tait la plus puissante \u00e0 Florence lors de la Renaissance.<\/p>\n<p>\u00c0 part des sculptures, on y trouve de nombreuses fontaines, des plans d&rsquo;eau et de longues all\u00e9es. Au sommet de la colline, nous avions une tr\u00e8s belle vue sur la ville. De plus, l&rsquo;endroit est assez calme, en contraste avec le centre-ville, plut\u00f4t touristique.<\/p>\n<p>Bilan du voyage : on doit admettre que nous avons d\u00e9couvert un c\u00f4t\u00e9 de Florence et de la culture italienne que nous ne connaissions pas jusque l\u00e0. M\u00eame si le temps n&rsquo;\u00e9tait pas id\u00e9al et qu&rsquo;on aurait pr\u00e9f\u00e9r\u00e9 partir \u00e0 Florence en \u00e9t\u00e9, on a profit\u00e9 de notre s\u00e9jour.<\/p>\n<p>On remercie nos professeurs qui nous ont accompagn\u00e9s et qui ont rendu possible ce voyage.<\/p>\n<p>Naneissa, Chantal, Ella<\/p>\n<p>&nbsp;<\/p>\n<div id='gallery-1' class='gallery galleryid-63 gallery-columns-3 gallery-size-thumbnail'><figure class='gallery-item'>\n\t\t\t<div class='gallery-icon portrait'>\n\t\t\t\t<a href='https:\/\/www.fg-berlin.eu\/blogs\/florence2016\/2016\/05\/08\/nos-highlights-a-florence\/img_7341\/'><img loading=\"lazy\" decoding=\"async\" width=\"150\" height=\"150\" src=\"https:\/\/www.fg-berlin.eu\/blogs\/florence2016\/wp-content\/uploads\/sites\/18\/2016\/05\/IMG_7341-150x150.jpg\" class=\"attachment-thumbnail size-thumbnail\" alt=\"\" aria-describedby=\"gallery-1-64\" \/><\/a>\n\t\t\t<\/div>\n\t\t\t\t<figcaption class='wp-caption-text gallery-caption' id='gallery-1-64'>\n\t\t\t\tsculpture au mus\u00e9e des offices \n\t\t\t\t<\/figcaption><\/figure><figure class='gallery-item'>\n\t\t\t<div class='gallery-icon portrait'>\n\t\t\t\t<a href='https:\/\/www.fg-berlin.eu\/blogs\/florence2016\/2016\/05\/08\/nos-highlights-a-florence\/img_7336\/'><img loading=\"lazy\" decoding=\"async\" width=\"150\" height=\"150\" src=\"https:\/\/www.fg-berlin.eu\/blogs\/florence2016\/wp-content\/uploads\/sites\/18\/2016\/05\/IMG_7336-150x150.jpg\" class=\"attachment-thumbnail size-thumbnail\" alt=\"\" aria-describedby=\"gallery-1-66\" \/><\/a>\n\t\t\t<\/div>\n\t\t\t\t<figcaption class='wp-caption-text gallery-caption' id='gallery-1-66'>\n\t\t\t\tpizza typiquement italienne \n\t\t\t\t<\/figcaption><\/figure><figure class='gallery-item'>\n\t\t\t<div class='gallery-icon landscape'>\n\t\t\t\t<a href='https:\/\/www.fg-berlin.eu\/blogs\/florence2016\/2016\/05\/08\/nos-highlights-a-florence\/img_7364\/'><img loading=\"lazy\" decoding=\"async\" width=\"150\" height=\"150\" src=\"https:\/\/www.fg-berlin.eu\/blogs\/florence2016\/wp-content\/uploads\/sites\/18\/2016\/05\/IMG_7364-150x150.jpg\" class=\"attachment-thumbnail size-thumbnail\" alt=\"\" aria-describedby=\"gallery-1-67\" srcset=\"https:\/\/www.fg-berlin.eu\/blogs\/florence2016\/wp-content\/uploads\/sites\/18\/2016\/05\/IMG_7364-150x150.jpg 150w, https:\/\/www.fg-berlin.eu\/blogs\/florence2016\/wp-content\/uploads\/sites\/18\/2016\/05\/IMG_7364-300x300.jpg 300w, https:\/\/www.fg-berlin.eu\/blogs\/florence2016\/wp-content\/uploads\/sites\/18\/2016\/05\/IMG_7364-768x768.jpg 768w, https:\/\/www.fg-berlin.eu\/blogs\/florence2016\/wp-content\/uploads\/sites\/18\/2016\/05\/IMG_7364-1024x1024.jpg 1024w, https:\/\/www.fg-berlin.eu\/blogs\/florence2016\/wp-content\/uploads\/sites\/18\/2016\/05\/IMG_7364.jpg 1334w\" sizes=\"auto, (max-width: 150px) 100vw, 150px\" \/><\/a>\n\t\t\t<\/div>\n\t\t\t\t<figcaption class='wp-caption-text gallery-caption' id='gallery-1-67'>\n\t\t\t\tglace italienne \n\t\t\t\t<\/figcaption><\/figure><figure class='gallery-item'>\n\t\t\t<div class='gallery-icon landscape'>\n\t\t\t\t<a href='https:\/\/www.fg-berlin.eu\/blogs\/florence2016\/2016\/05\/08\/nos-highlights-a-florence\/img_7337\/'><img loading=\"lazy\" decoding=\"async\" width=\"150\" height=\"150\" src=\"https:\/\/www.fg-berlin.eu\/blogs\/florence2016\/wp-content\/uploads\/sites\/18\/2016\/05\/IMG_7337-150x150.jpg\" class=\"attachment-thumbnail size-thumbnail\" alt=\"\" aria-describedby=\"gallery-1-65\" srcset=\"https:\/\/www.fg-berlin.eu\/blogs\/florence2016\/wp-content\/uploads\/sites\/18\/2016\/05\/IMG_7337-150x150.jpg 150w, https:\/\/www.fg-berlin.eu\/blogs\/florence2016\/wp-content\/uploads\/sites\/18\/2016\/05\/IMG_7337-300x300.jpg 300w, https:\/\/www.fg-berlin.eu\/blogs\/florence2016\/wp-content\/uploads\/sites\/18\/2016\/05\/IMG_7337-768x768.jpg 768w, https:\/\/www.fg-berlin.eu\/blogs\/florence2016\/wp-content\/uploads\/sites\/18\/2016\/05\/IMG_7337.jpg 960w\" sizes=\"auto, (max-width: 150px) 100vw, 150px\" \/><\/a>\n\t\t\t<\/div>\n\t\t\t\t<figcaption class='wp-caption-text gallery-caption' id='gallery-1-65'>\n\t\t\t\tle jardin de boboli \n\t\t\t\t<\/figcaption><\/figure>\n\t\t<\/div>\n\n","protected":false},"excerpt":{"rendered":"<p>Lors de notre voyage de classe \u00e0 Florence nous avons beaucoup appris sur la Renaissance. Un des mus\u00e9es que nous avions pu visiter et aussi un des plus connus est le mus\u00e9e des offices dans la \u00ab\u00a0Galleria degli Uffizi\u00a0\u00bb, qui se trouve pr\u00e8s du \u00ab\u00a0palazzo Vecchio\u00a0\u00bb. Le mus\u00e9e est dans un palais citadin de la &hellip; <a href=\"https:\/\/www.fg-berlin.eu\/blogs\/florence2016\/2016\/05\/08\/nos-highlights-a-florence\/\" class=\"more-link\">Continuer la lecture de <span class=\"screen-reader-text\">Nos \u00ab\u00a0highlights\u00a0\u00bb \u00e0 Florence<\/span><\/a><\/p>\n","protected":false},"author":120,"featured_media":0,"comment_status":"open","ping_status":"open","sticky":false,"template":"","format":"standard","meta":{"footnotes":""},"categories":[1],"tags":[],"class_list":["post-63","post","type-post","status-publish","format-standard","hentry","category-non-classe"],"_links":{"self":[{"href":"https:\/\/www.fg-berlin.eu\/blogs\/florence2016\/wp-json\/wp\/v2\/posts\/63","targetHints":{"allow":["GET"]}}],"collection":[{"href":"https:\/\/www.fg-berlin.eu\/blogs\/florence2016\/wp-json\/wp\/v2\/posts"}],"about":[{"href":"https:\/\/www.fg-berlin.eu\/blogs\/florence2016\/wp-json\/wp\/v2\/types\/post"}],"author":[{"embeddable":true,"href":"https:\/\/www.fg-berlin.eu\/blogs\/florence2016\/wp-json\/wp\/v2\/users\/120"}],"replies":[{"embeddable":true,"href":"https:\/\/www.fg-berlin.eu\/blogs\/florence2016\/wp-json\/wp\/v2\/comments?post=63"}],"version-history":[{"count":3,"href":"https:\/\/www.fg-berlin.eu\/blogs\/florence2016\/wp-json\/wp\/v2\/posts\/63\/revisions"}],"predecessor-version":[{"id":105,"href":"https:\/\/www.fg-berlin.eu\/blogs\/florence2016\/wp-json\/wp\/v2\/posts\/63\/revisions\/105"}],"wp:attachment":[{"href":"https:\/\/www.fg-berlin.eu\/blogs\/florence2016\/wp-json\/wp\/v2\/media?parent=63"}],"wp:term":[{"taxonomy":"category","embeddable":true,"href":"https:\/\/www.fg-berlin.eu\/blogs\/florence2016\/wp-json\/wp\/v2\/categories?post=63"},{"taxonomy":"post_tag","embeddable":true,"href":"https:\/\/www.fg-berlin.eu\/blogs\/florence2016\/wp-json\/wp\/v2\/tags?post=63"}],"curies":[{"name":"wp","href":"https:\/\/api.w.org\/{rel}","templated":true}]}}