{"id":53,"date":"2016-05-08T22:38:59","date_gmt":"2016-05-08T21:38:59","guid":{"rendered":"http:\/\/www.fg-berlin.eu\/blogs\/florence2016\/?p=53"},"modified":"2016-05-08T22:38:59","modified_gmt":"2016-05-08T21:38:59","slug":"les-medicis","status":"publish","type":"post","link":"https:\/\/www.fg-berlin.eu\/blogs\/florence2016\/2016\/05\/08\/les-medicis\/","title":{"rendered":"Les M\u00e9dicis"},"content":{"rendered":"<p><span style=\"font-size: large\"> Pendant le voyage \u00e0 Florence, j&rsquo;ai surtout \u00e9tait impressionn\u00e9e par l&rsquo;influence et la puissance de la famille M\u00e9dicis ou \u00ab\u00a0Medici\u00a0\u00bb. Les M\u00e9dicis sont une puissante et riche famille de marchands et de banquiers florentins. Ils ont non seulement eu une influence sur l&rsquo;histoire de la ville de Florence mais aussi sur toute l&rsquo;\u00e9poque de la Renaissance. La collection d&rsquo;art des M\u00e9dicis est expos\u00e9e dans la Galerie des Offices (\u00ab\u00a0Uffizi\u00a0\u00bb) . <\/span><\/p>\n<p><span style=\"font-size: large\"> Au XV\u00e8me si\u00e8cle, le \u00ab\u00a0Quattrocento\u00a0\u00bb, Cosme de M\u00e9dicis devient l&rsquo;homme le plus puissant de Florence, il prot\u00e8ge les humanistes, les artistes et les savants.<\/span><\/p>\n<p><span style=\"font-size: large\"> Le prochain M\u00e9dicis \u00e0 avoir une influence importante fut le petit fils de Cosme, Laurent de M\u00e9dicis qui est aussi surnomm\u00e9 le Magnifique. C&rsquo;est sous son gouvernement que Florence devient le plus grand centre intellectuel et artistique europ\u00e9en. Il encourage et soutient les plus grands artistes de la Renaissance dont L\u00e9onard de Vinci, Botticelli ou encore Michel-Ange qui a m\u00eame v\u00e9cu chez Laurent pendant plusieurs ann\u00e9es et comptait quasiment comme membre de la famille. Bien que ses ennuis financiers ne lui aient pas permis de passer lui-m\u00eame toutes les commandes, il a su convaincre plusieurs bourgeois de commander des \u0153uvres de certains artistes. Laurent fut \u00e9galement tr\u00e8s attach\u00e9 \u00e0 agrandir et \u00e0 ouvrir au public la biblioth\u00e8que familiale initi\u00e9e par Cosme de M\u00e9dicis. Il contribua ainsi \u00e0 retrouver et \u00e0 rassembler des textes antiques disparus. Laurent de M\u00e9dicis fut aussi tr\u00e8s actif dans le soutien aux humanistes en cr\u00e9ant le cercle de r\u00e9flexion sur les philosophes grecs, ce qui caract\u00e9rise l&rsquo;humanisme avec le retour aux textes anciens. Ces cercles sont devenus les bases d&rsquo;un courant n\u00e9o-platonicien comprenant des philosophes comme Pic de la Mirandole (dont nous avons \u00e9tudi\u00e9 un texte en cours de fran\u00e7ais).<\/span><\/p>\n<p><span style=\"font-size: large\">Florence fut donc la capitale de la Renaissance tout comme celle de l&rsquo;Humanisme. Nous avions \u00e9galement visit\u00e9 le mus\u00e9e Galileo qui fait \u00e9tat des sciences et techniques nouvelles de cette \u00e9poque.<\/span><\/p>\n<p>Apr\u00e8s Laurent le magnifique , la famille des M\u00e9dicis continue \u00e0 avoir une grande influence en Europe : en 1513 , son fils Giovanni devient pape sous le nom de L\u00e9on X et en 1533 sa petite-fille Catherine de M\u00e9dicis \u00e9pouse le futur roi Henri II. Une autre M\u00e9dicis , Marie , deviendra elle aussi reine de France par son mariage avec Henri IV. Alexandre Dumas va \u00e9crire un texte d&rsquo;hommage \u00e0 cette puissante\u00a0 famille. Le voyage \u00e0 Florence m&rsquo;a permis d&rsquo;en d\u00e9couvrir plus sur l&rsquo;Humanisme et la Renaissance \u00e0 travers cette c\u00e9l\u00e8bre famille.<\/p>\n<p>Zoe Dimitriadis 11L<\/p>\n","protected":false},"excerpt":{"rendered":"<p>Pendant le voyage \u00e0 Florence, j&rsquo;ai surtout \u00e9tait impressionn\u00e9e par l&rsquo;influence et la puissance de la famille M\u00e9dicis ou \u00ab\u00a0Medici\u00a0\u00bb. Les M\u00e9dicis sont une puissante et riche famille de marchands et de banquiers florentins. Ils ont non seulement eu une influence sur l&rsquo;histoire de la ville de Florence mais aussi sur toute l&rsquo;\u00e9poque de la &hellip; <a href=\"https:\/\/www.fg-berlin.eu\/blogs\/florence2016\/2016\/05\/08\/les-medicis\/\" class=\"more-link\">Continuer la lecture de <span class=\"screen-reader-text\">Les M\u00e9dicis<\/span><\/a><\/p>\n","protected":false},"author":148,"featured_media":0,"comment_status":"open","ping_status":"open","sticky":false,"template":"","format":"standard","meta":{"footnotes":""},"categories":[1],"tags":[],"class_list":["post-53","post","type-post","status-publish","format-standard","hentry","category-non-classe"],"_links":{"self":[{"href":"https:\/\/www.fg-berlin.eu\/blogs\/florence2016\/wp-json\/wp\/v2\/posts\/53","targetHints":{"allow":["GET"]}}],"collection":[{"href":"https:\/\/www.fg-berlin.eu\/blogs\/florence2016\/wp-json\/wp\/v2\/posts"}],"about":[{"href":"https:\/\/www.fg-berlin.eu\/blogs\/florence2016\/wp-json\/wp\/v2\/types\/post"}],"author":[{"embeddable":true,"href":"https:\/\/www.fg-berlin.eu\/blogs\/florence2016\/wp-json\/wp\/v2\/users\/148"}],"replies":[{"embeddable":true,"href":"https:\/\/www.fg-berlin.eu\/blogs\/florence2016\/wp-json\/wp\/v2\/comments?post=53"}],"version-history":[{"count":4,"href":"https:\/\/www.fg-berlin.eu\/blogs\/florence2016\/wp-json\/wp\/v2\/posts\/53\/revisions"}],"predecessor-version":[{"id":103,"href":"https:\/\/www.fg-berlin.eu\/blogs\/florence2016\/wp-json\/wp\/v2\/posts\/53\/revisions\/103"}],"wp:attachment":[{"href":"https:\/\/www.fg-berlin.eu\/blogs\/florence2016\/wp-json\/wp\/v2\/media?parent=53"}],"wp:term":[{"taxonomy":"category","embeddable":true,"href":"https:\/\/www.fg-berlin.eu\/blogs\/florence2016\/wp-json\/wp\/v2\/categories?post=53"},{"taxonomy":"post_tag","embeddable":true,"href":"https:\/\/www.fg-berlin.eu\/blogs\/florence2016\/wp-json\/wp\/v2\/tags?post=53"}],"curies":[{"name":"wp","href":"https:\/\/api.w.org\/{rel}","templated":true}]}}