{"id":46,"date":"2016-05-07T19:25:05","date_gmt":"2016-05-07T18:25:05","guid":{"rendered":"http:\/\/www.fg-berlin.eu\/blogs\/florence2016\/?p=46"},"modified":"2016-05-07T19:25:05","modified_gmt":"2016-05-07T18:25:05","slug":"santa-maria-del-fiore-florence","status":"publish","type":"post","link":"https:\/\/www.fg-berlin.eu\/blogs\/florence2016\/2016\/05\/07\/santa-maria-del-fiore-florence\/","title":{"rendered":"Santa Maria del Fiore &#8211; Florence"},"content":{"rendered":"<figure id=\"attachment_49\" aria-describedby=\"caption-attachment-49\" style=\"width: 227px\" class=\"wp-caption alignnone\"><img loading=\"lazy\" decoding=\"async\" class=\"wp-image-49 \" src=\"http:\/\/www.fg-berlin.eu\/blogs\/florence2016\/wp-content\/uploads\/sites\/18\/2016\/05\/IMG_8091-577x1024.png\" alt=\"Santa Maria del fiore\" width=\"227\" height=\"403\" srcset=\"https:\/\/www.fg-berlin.eu\/blogs\/florence2016\/wp-content\/uploads\/sites\/18\/2016\/05\/IMG_8091-577x1024.png 577w, https:\/\/www.fg-berlin.eu\/blogs\/florence2016\/wp-content\/uploads\/sites\/18\/2016\/05\/IMG_8091-169x300.png 169w, https:\/\/www.fg-berlin.eu\/blogs\/florence2016\/wp-content\/uploads\/sites\/18\/2016\/05\/IMG_8091.png 640w\" sizes=\"auto, (max-width: 227px) 100vw, 227px\" \/><figcaption id=\"caption-attachment-49\" class=\"wp-caption-text\">Santa Maria del fiore<\/figcaption><\/figure>\n<p>Du 26 au 30 janvier 2016, notre classe de 1\u00e8re L se retrouvait \u00e0 Florence, en Italie. Nous \u00e9tions dans une auberge de jeunesse, tout pr\u00e8s des monuments historiques et culturels que nous avons visit\u00e9s. D\u00e8s notre arriv\u00e9e, nous avons visit\u00e9 la ville et sommes pass\u00e9s par le \u00ab\u00a0Santa Maria del Fiore\u00a0\u00bb, un b\u00e2timent tr\u00e8s vaste qui nous a imm\u00e9diatement impressionn\u00e9es. Nous avons pris de nombreuses photos. La cath\u00e9drale a \u00e9t\u00e9 construite au 13\u00e8 Si\u00e8cle elle se situe dans le centre historique de Florence: Piazza del Duomo.<\/p>\n<p>La cath\u00e9drale \u00ab\u00a0Santa Maria del Fiore\u00a0\u00bb a \u00e9t\u00e9 finalis\u00e9e en 1434 et est le monument le plus important \u00e0 Florence et la quatri\u00e8me plus grande des \u00e9glises au monde. Son d\u00f4me construit en 1946 par l&rsquo;architecte Filippo Brunelleschi est le plus grand d\u00f4me au monde avec 45 m\u00e8tres de diam\u00e8tres. Il marque le d\u00e9but de l&rsquo;architecture de la Renaissance. La cath\u00e9drale mesure\u00a0<span class=\"x_nowrap\">153\u00a0m\u00e8tres<\/span>\u00a0de long et la base de la coupole mesure\u00a0<span class=\"x_nowrap\">42 m\u00e8tres<\/span>\u00a0de large. La guide nous a expliqu\u00e9 que la construction a connu plusieurs architectes en commen\u00e7ant par Arnolfo di Cambio au 13\u00e8 si\u00e8cle, puis par Giotto di Bondone au 14\u00e8 si\u00e8cle jusqu&rsquo;\u00e0 ce que celui-ci d\u00e9c\u00e8de et ensuite il y eut Francesco Talenti et Giovanni di Lapo Ghini qui continueront la construction vers le milieu du 14\u00e8 si\u00e8cle. Apr\u00e8s que l&rsquo;\u00e9glise fut rebaptis\u00e9e Santa Maria del fiore, en 1412, elle est confi\u00e9e \u00e0 Brunelleschi, qui finit son travail sur le d\u00f4me en 1436, par le pape Eug\u00e8ne IV.<\/p>\n<p>L&rsquo;architecture du Santa Maria del fiore connait le m\u00eame architecte que celui de la \u00ab\u00a0basilica santa croce\u00a0\u00bb, Arnolfo di Cambio. Ce genre d&rsquo;architecture nous a beaucoup plu: On a beaucoup aim\u00e9 la couleur blanche m\u00e9lang\u00e9e avec du bleu et de l&rsquo;or. La sym\u00e9trie du b\u00e2timent est int\u00e9ressante. La cath\u00e9drale est tr\u00e8s grande et permet d&rsquo;illuminer le quartier davantage. C&rsquo;est un monument \u00e9blouissant qui nous a passionn\u00e9. C&rsquo;est probablement la raison pour laquelle nous y avons pass\u00e9 beaucoup de temps pendant les temps libres. Nous recommandons \u00e0 tout le monde d&rsquo;y jeter un coup d\u2019\u0153il.<\/p>\n<p>Monakeba Ngenibungi, Samia Saad<\/p>\n<p>11L<\/p>\n","protected":false},"excerpt":{"rendered":"<p>Du 26 au 30 janvier 2016, notre classe de 1\u00e8re L se retrouvait \u00e0 Florence, en Italie. Nous \u00e9tions dans une auberge de jeunesse, tout pr\u00e8s des monuments historiques et culturels que nous avons visit\u00e9s. D\u00e8s notre arriv\u00e9e, nous avons visit\u00e9 la ville et sommes pass\u00e9s par le \u00ab\u00a0Santa Maria del Fiore\u00a0\u00bb, un b\u00e2timent tr\u00e8s &hellip; <a href=\"https:\/\/www.fg-berlin.eu\/blogs\/florence2016\/2016\/05\/07\/santa-maria-del-fiore-florence\/\" class=\"more-link\">Continuer la lecture de <span class=\"screen-reader-text\">Santa Maria del Fiore &#8211; Florence<\/span><\/a><\/p>\n","protected":false},"author":127,"featured_media":0,"comment_status":"open","ping_status":"open","sticky":false,"template":"","format":"standard","meta":{"footnotes":""},"categories":[1],"tags":[],"class_list":["post-46","post","type-post","status-publish","format-standard","hentry","category-non-classe"],"_links":{"self":[{"href":"https:\/\/www.fg-berlin.eu\/blogs\/florence2016\/wp-json\/wp\/v2\/posts\/46","targetHints":{"allow":["GET"]}}],"collection":[{"href":"https:\/\/www.fg-berlin.eu\/blogs\/florence2016\/wp-json\/wp\/v2\/posts"}],"about":[{"href":"https:\/\/www.fg-berlin.eu\/blogs\/florence2016\/wp-json\/wp\/v2\/types\/post"}],"author":[{"embeddable":true,"href":"https:\/\/www.fg-berlin.eu\/blogs\/florence2016\/wp-json\/wp\/v2\/users\/127"}],"replies":[{"embeddable":true,"href":"https:\/\/www.fg-berlin.eu\/blogs\/florence2016\/wp-json\/wp\/v2\/comments?post=46"}],"version-history":[{"count":3,"href":"https:\/\/www.fg-berlin.eu\/blogs\/florence2016\/wp-json\/wp\/v2\/posts\/46\/revisions"}],"predecessor-version":[{"id":99,"href":"https:\/\/www.fg-berlin.eu\/blogs\/florence2016\/wp-json\/wp\/v2\/posts\/46\/revisions\/99"}],"wp:attachment":[{"href":"https:\/\/www.fg-berlin.eu\/blogs\/florence2016\/wp-json\/wp\/v2\/media?parent=46"}],"wp:term":[{"taxonomy":"category","embeddable":true,"href":"https:\/\/www.fg-berlin.eu\/blogs\/florence2016\/wp-json\/wp\/v2\/categories?post=46"},{"taxonomy":"post_tag","embeddable":true,"href":"https:\/\/www.fg-berlin.eu\/blogs\/florence2016\/wp-json\/wp\/v2\/tags?post=46"}],"curies":[{"name":"wp","href":"https:\/\/api.w.org\/{rel}","templated":true}]}}