{"id":38,"date":"2016-05-02T22:05:36","date_gmt":"2016-05-02T21:05:36","guid":{"rendered":"http:\/\/www.fg-berlin.eu\/blogs\/florence2016\/?p=38"},"modified":"2016-05-02T22:05:36","modified_gmt":"2016-05-02T21:05:36","slug":"le-corridor-de-vasari","status":"publish","type":"post","link":"https:\/\/www.fg-berlin.eu\/blogs\/florence2016\/2016\/05\/02\/le-corridor-de-vasari\/","title":{"rendered":"Le Corridor de Vasari"},"content":{"rendered":"<p>Peu de temps apr\u00e8s notre arriv\u00e9e \u00e0 Florence, mon c\u0153ur fut pris d&rsquo;un emballement que je ne lui connaissais pas\u00a0: \u00e9tait-ce le r\u00e9sultat d&rsquo;une fatigue d\u00e9velopp\u00e9e lors du voyage en avion et en bus? Je pr\u00e9f\u00e8re penser que c&rsquo;\u00e9tait la manifestation du syndrome de Stendhal. Tant d&rsquo;oeuvres d&rsquo;art, tant de talent, tant de beaut\u00e9 en un seul lieu, en si peu de jours. Comme l&rsquo;\u00e9crivain lui-m\u00eame, j&rsquo;\u00e9tais \u00e9blouie par cette ville historique. Stendhal avait dit en 1817: \u00abJ&rsquo;\u00e9tais arriv\u00e9 \u00e0 ce point d&rsquo;\u00e9motion o\u00f9 se rencontrent les sensations c\u00e9lestes donn\u00e9es par les Beaux Arts et les sentiments passionn\u00e9s. (\u2026) J&rsquo;avais un battement de c\u0153ur, la vie \u00e9tait \u00e9puis\u00e9e chez moi, je marchais avec la crainte de tomber.\u00bb Comme lui, de nombreux artistes se sont rendus \u00e0 Florence au cours des si\u00e8cles, et maintenant nous, une petite classe de Berlin.<\/p>\n<p>Lors de notre visite \u00e0 la Galerie des Offices, le plus ancien mus\u00e9e de la ville, on a \u00e9t\u00e9 plong\u00e9 dans une collection immense de plusieurs \u0153uvres italiennes de la Renaissance. Ce qui a particuli\u00e8rement attir\u00e9 mon attention lors de notre visite guid\u00e9e dans cet endroit est l&rsquo;histoire du corridor de Vasari. B\u00e2ti en 1565 par Giorgio Vasari, le corridor relie jusqu&rsquo;\u00e0 aujourd&rsquo;hui le Palazzo Vecchio (juste \u00e0 c\u00f4t\u00e9 des Offices) au Palais Pitti de l&rsquo;autre c\u00f4t\u00e9 de l&rsquo;Arno. Command\u00e9 \u00e0 l&rsquo;\u00e9poque par Cosme de Medicis, Duc de Florence, le corridor d&rsquo;un kilom\u00e8tre de long permettait de passer d&rsquo;un endroit \u00e0 l&rsquo;autre sans \u00eatre d\u00e9couvert. De cette mani\u00e8re, la famille Medicis n&rsquo;\u00e9tait pas oblig\u00e9e de descendre dans la rue et pouvait donc \u00e9viter tout attentat.<\/p>\n<p>Le fils de Cosme, L\u00e9opold, mit en place une collection de portraits tout le long du passage. Celle-ci est aujourd&rsquo;hui la plus importante au monde d&rsquo;autoportraits d&rsquo;artistes: Vasari, Titien, Rubens, Rembrandt, David, Ingres, Delacroix et Chagall.<\/p>\n<p>C&rsquo;est assez dommage de ne pas avoir explor\u00e9 ce corridor un peu plus en d\u00e9tails, mais j&rsquo;aime me rappeler de cette anecdote, qui donne un aspect int\u00e9ressant sur l&rsquo;\u00e9poque des Medicis. La liaison entre les diff\u00e9rents b\u00e2timents historiques me semble \u00eatre quelque chose d&rsquo;unique et de fascinant.<\/p>\n<p align=\"RIGHT\"><i>Mona Sch\u00e4fer<\/i><\/p>\n<p align=\"RIGHT\"><i>11L<\/i><\/p>\n","protected":false},"excerpt":{"rendered":"<p>Peu de temps apr\u00e8s notre arriv\u00e9e \u00e0 Florence, mon c\u0153ur fut pris d&rsquo;un emballement que je ne lui connaissais pas\u00a0: \u00e9tait-ce le r\u00e9sultat d&rsquo;une fatigue d\u00e9velopp\u00e9e lors du voyage en avion et en bus? Je pr\u00e9f\u00e8re penser que c&rsquo;\u00e9tait la manifestation du syndrome de Stendhal. Tant d&rsquo;oeuvres d&rsquo;art, tant de talent, tant de beaut\u00e9 en &hellip; <a href=\"https:\/\/www.fg-berlin.eu\/blogs\/florence2016\/2016\/05\/02\/le-corridor-de-vasari\/\" class=\"more-link\">Continuer la lecture de <span class=\"screen-reader-text\">Le Corridor de Vasari<\/span><\/a><\/p>\n","protected":false},"author":123,"featured_media":0,"comment_status":"open","ping_status":"open","sticky":false,"template":"","format":"standard","meta":{"footnotes":""},"categories":[1],"tags":[],"class_list":["post-38","post","type-post","status-publish","format-standard","hentry","category-non-classe"],"_links":{"self":[{"href":"https:\/\/www.fg-berlin.eu\/blogs\/florence2016\/wp-json\/wp\/v2\/posts\/38","targetHints":{"allow":["GET"]}}],"collection":[{"href":"https:\/\/www.fg-berlin.eu\/blogs\/florence2016\/wp-json\/wp\/v2\/posts"}],"about":[{"href":"https:\/\/www.fg-berlin.eu\/blogs\/florence2016\/wp-json\/wp\/v2\/types\/post"}],"author":[{"embeddable":true,"href":"https:\/\/www.fg-berlin.eu\/blogs\/florence2016\/wp-json\/wp\/v2\/users\/123"}],"replies":[{"embeddable":true,"href":"https:\/\/www.fg-berlin.eu\/blogs\/florence2016\/wp-json\/wp\/v2\/comments?post=38"}],"version-history":[{"count":3,"href":"https:\/\/www.fg-berlin.eu\/blogs\/florence2016\/wp-json\/wp\/v2\/posts\/38\/revisions"}],"predecessor-version":[{"id":45,"href":"https:\/\/www.fg-berlin.eu\/blogs\/florence2016\/wp-json\/wp\/v2\/posts\/38\/revisions\/45"}],"wp:attachment":[{"href":"https:\/\/www.fg-berlin.eu\/blogs\/florence2016\/wp-json\/wp\/v2\/media?parent=38"}],"wp:term":[{"taxonomy":"category","embeddable":true,"href":"https:\/\/www.fg-berlin.eu\/blogs\/florence2016\/wp-json\/wp\/v2\/categories?post=38"},{"taxonomy":"post_tag","embeddable":true,"href":"https:\/\/www.fg-berlin.eu\/blogs\/florence2016\/wp-json\/wp\/v2\/tags?post=38"}],"curies":[{"name":"wp","href":"https:\/\/api.w.org\/{rel}","templated":true}]}}