{"id":32,"date":"2016-05-01T19:57:36","date_gmt":"2016-05-01T18:57:36","guid":{"rendered":"http:\/\/www.fg-berlin.eu\/blogs\/florence2016\/?p=32"},"modified":"2016-05-01T19:57:36","modified_gmt":"2016-05-01T18:57:36","slug":"des-jardins-de-boboli-a-la-place-michelangelo","status":"publish","type":"post","link":"https:\/\/www.fg-berlin.eu\/blogs\/florence2016\/2016\/05\/01\/des-jardins-de-boboli-a-la-place-michelangelo\/","title":{"rendered":"Des jardins de Boboli \u00e0 la place Michelangelo"},"content":{"rendered":"<p><span style=\"font-family: Calibri, sans-serif\"><span style=\"font-size: medium\">Le jour que j\u00b4ai pr\u00e9f\u00e9r\u00e9 \u00e0 Florence \u00e9tait le dernier jour.\u00a0<\/span><\/span><span style=\"font-family: Calibri, sans-serif\"><span style=\"font-size: medium\">Ce jour l\u00e0 nous sommes all\u00e9s visiter les Jardins de Boboli , qui sont les jardins du Palazzo Pitti.\u00a0<\/span><\/span><span style=\"font-family: Calibri, sans-serif\"><span style=\"font-size: medium\">Les jardins de Boboli se situent de l\u00b4autre c\u00f4t\u00e9 de la ville ou encore du ponte Vecchio. <\/span><\/span><span style=\"font-family: Calibri, sans-serif\"><span style=\"font-size: medium\">C\u00b4est un c\u00f4t\u00e9 de la ville plus calme que le reste de la ville et que les endroits typiquement touristiques .<\/span><\/span><\/p>\n<p><span style=\"font-family: Calibri, sans-serif\"><span style=\"font-size: medium\">Dans ces jardins , il y a \u00e9normement de coins \u00e0 d\u00e9couvrir , avec beaucoup de v\u00e9g\u00e9tation vari\u00e9e, qui isole totalement de la ville et l\u00b4on pourrrait y passer des heures enti\u00e8res sans s\u00b4ennuyer . Outre les <\/span><\/span><span style=\"font-size: medium;font-family: Calibri, sans-serif\">plantes , il y a des monuments dans lesquels sont expos\u00e9s d&rsquo;anciens objets venant des diff\u00e9rents palais (porcelaine etc.), de nombreux puits; et les vues du haut de la colline des jardins sont tr\u00e8s jolies \u00e0 certains endroits. C\u00b4\u00e9tait comme si on passait de la ville ( vue sur les toits) \u00e0 la campagne ( champs , vignobles) juste en se tournant.<\/span><\/p>\n<p><span style=\"font-family: Calibri, sans-serif\"><span style=\"font-size: medium\">En descendant de la colline, nous sommes pass\u00e9es dans de petites ruelles toutes plus singuli\u00e8res les unes que les autres, pour finalement gravir la colline menant \u00e0 la place Michel-Angelo.\u00a0<\/span><\/span><span style=\"font-family: Calibri, sans-serif\"><span style=\"font-size: medium\">De nombreux escaliers plus tard , nous \u00e9tions enfin arriv\u00e9es sur la place Michelangelo (o\u00f9 se trouve une fausse statue de David de Michel-Ange) et avons pu admirer la vue spectaculaire. On pouvait apercevoir le Ponte Vecchio , la cath\u00e9drale et un grand nombre de palais et places que nous avions visit\u00e9s auparavant .<\/span><\/span><\/p>\n<p lang=\"zxx\"><span style=\"font-family: Calibri, sans-serif\"><span style=\"font-size: medium\">Pour retourner \u00e0 l\u00b4auberge nous sommes pass\u00e9es par un tr\u00e8s joli quartier et par de nombreux jardins pour finalement traverser le pont , retrouver l&rsquo;ambiance touristique de celui-ci , de la cath\u00e9drale ainsi que sur tout le chemin du retour jusqu\u00b4\u00e0 l\u00b4auberge.<\/span><\/span><\/p>\n<p lang=\"zxx\"><span style=\"font-family: Calibri, sans-serif\"><span style=\"font-size: medium\">Ce soir l\u00e0 , nous sommes all\u00e9s apr\u00e8s le repas \u00e0 l\u00b4auberge dans un restaurant renomm\u00e9 avec toute la classe gr\u00e2ce \u00e0 l\u00b4argent que nous avions gagn\u00e9 \u00e0 la vente des g\u00e2teaux. Nous avons pass\u00e9 une tr\u00e8s bonne soir\u00e9e en classe unie .<\/span><\/span><\/p>\n<p lang=\"zxx\"><span style=\"font-family: Calibri, sans-serif\"><span style=\"font-size: medium\">Une des choses que j\u00b4ai appr\u00e9ci\u00e9 tout au long de ce voyage \u00e9tait la libert\u00e9 que nous avions.\u00a0<\/span><\/span><span style=\"font-family: Calibri, sans-serif\"><span style=\"font-size: medium\">Nous avions souvent l\u00b4apr\u00e8s midi jusqu\u00b4au soir (nous nous retrouvions \u00e0 20 heures \u00e0 l\u00b4auberge pour le repas) , pour pouvoir d\u00e9couvrir la ville nous-m\u00eames et visiter ce qui nous tenait particuli\u00e8rement \u00e0 coeur . Je ne m\u00b4attendais pas \u00e0 tant de libert\u00e9, mais ce fut une agr\u00e9able surprise.<\/span><\/span><\/p>\n<p lang=\"zxx\"><span style=\"font-family: Calibri, sans-serif\"><span style=\"font-size: medium\">Le voyage \u00e0 Florence a \u00e9t\u00e9 un voyage riche en d\u00e9couvertes et exp\u00e9riences .<\/span><\/span><\/p>\n<p lang=\"zxx\"><span style=\"font-family: Calibri, sans-serif\"><span style=\"font-size: medium\">M\u00e9lissa Bierbaum 11L<\/span><\/span><\/p>\n","protected":false},"excerpt":{"rendered":"<p>Le jour que j\u00b4ai pr\u00e9f\u00e9r\u00e9 \u00e0 Florence \u00e9tait le dernier jour.\u00a0Ce jour l\u00e0 nous sommes all\u00e9s visiter les Jardins de Boboli , qui sont les jardins du Palazzo Pitti.\u00a0Les jardins de Boboli se situent de l\u00b4autre c\u00f4t\u00e9 de la ville ou encore du ponte Vecchio. C\u00b4est un c\u00f4t\u00e9 de la ville plus calme que le &hellip; <a href=\"https:\/\/www.fg-berlin.eu\/blogs\/florence2016\/2016\/05\/01\/des-jardins-de-boboli-a-la-place-michelangelo\/\" class=\"more-link\">Continuer la lecture de <span class=\"screen-reader-text\">Des jardins de Boboli \u00e0 la place Michelangelo<\/span><\/a><\/p>\n","protected":false},"author":14,"featured_media":0,"comment_status":"open","ping_status":"open","sticky":false,"template":"","format":"standard","meta":{"footnotes":""},"categories":[1],"tags":[],"class_list":["post-32","post","type-post","status-publish","format-standard","hentry","category-non-classe"],"_links":{"self":[{"href":"https:\/\/www.fg-berlin.eu\/blogs\/florence2016\/wp-json\/wp\/v2\/posts\/32","targetHints":{"allow":["GET"]}}],"collection":[{"href":"https:\/\/www.fg-berlin.eu\/blogs\/florence2016\/wp-json\/wp\/v2\/posts"}],"about":[{"href":"https:\/\/www.fg-berlin.eu\/blogs\/florence2016\/wp-json\/wp\/v2\/types\/post"}],"author":[{"embeddable":true,"href":"https:\/\/www.fg-berlin.eu\/blogs\/florence2016\/wp-json\/wp\/v2\/users\/14"}],"replies":[{"embeddable":true,"href":"https:\/\/www.fg-berlin.eu\/blogs\/florence2016\/wp-json\/wp\/v2\/comments?post=32"}],"version-history":[{"count":1,"href":"https:\/\/www.fg-berlin.eu\/blogs\/florence2016\/wp-json\/wp\/v2\/posts\/32\/revisions"}],"predecessor-version":[{"id":33,"href":"https:\/\/www.fg-berlin.eu\/blogs\/florence2016\/wp-json\/wp\/v2\/posts\/32\/revisions\/33"}],"wp:attachment":[{"href":"https:\/\/www.fg-berlin.eu\/blogs\/florence2016\/wp-json\/wp\/v2\/media?parent=32"}],"wp:term":[{"taxonomy":"category","embeddable":true,"href":"https:\/\/www.fg-berlin.eu\/blogs\/florence2016\/wp-json\/wp\/v2\/categories?post=32"},{"taxonomy":"post_tag","embeddable":true,"href":"https:\/\/www.fg-berlin.eu\/blogs\/florence2016\/wp-json\/wp\/v2\/tags?post=32"}],"curies":[{"name":"wp","href":"https:\/\/api.w.org\/{rel}","templated":true}]}}