{"id":27,"date":"2016-04-30T11:11:45","date_gmt":"2016-04-30T10:11:45","guid":{"rendered":"http:\/\/www.fg-berlin.eu\/blogs\/florence2016\/?p=27"},"modified":"2016-04-30T11:12:07","modified_gmt":"2016-04-30T10:12:07","slug":"la-fleur-de-lys-symbole-de-florence","status":"publish","type":"post","link":"https:\/\/www.fg-berlin.eu\/blogs\/florence2016\/2016\/04\/30\/la-fleur-de-lys-symbole-de-florence\/","title":{"rendered":"La fleur de lys \u2014 symbole de Florence"},"content":{"rendered":"<p><span lang=\"fr-FR\"><img loading=\"lazy\" decoding=\"async\" class=\"size-full wp-image-28 aligncenter\" src=\"http:\/\/www.fg-berlin.eu\/blogs\/florence2016\/wp-content\/uploads\/sites\/18\/2016\/04\/langfr-200px-FlorenceCoA.png\" alt=\"langfr-200px-FlorenceCoA\" width=\"200\" height=\"261\" \/><\/span><\/p>\n<p><span lang=\"fr-FR\">La fleur de lys, pr\u00e9sente dans toute la ville de Florence, m\u00e9rite qu\u2019on y jette un deuxi\u00e8me coup d\u2019\u0153il. En 59 av. J.-C. la cit\u00e9 de Florence a \u00e9t\u00e9 fond\u00e9e en Toscane sur le bord de l&rsquo;Arno ; la ville s&rsquo;est \u00e9tablie sur des terres abondamment fleuries de lys apparemment, ce qui correspond \u00e0 la signification de l\u2019\u00e9tymologie latine du mot <\/span><span lang=\"fr-FR\"><i>Florence <\/i>:<\/span><span lang=\"fr-FR\">\u00a0\u00ab\u00a0la ville des fleurs\u00a0\u00bb. Le lys est consid\u00e9r\u00e9 comme \u00ab\u00a0plante royale\u00a0\u00bb et \u00ab\u00a0reine des fleurs\u00a0\u00bb, il d\u00e9signe la puret\u00e9 et symbolise la puissance. En 1266, apr\u00e8s la bataille de Montaperti entre les guelfes et les gibelins, deux factions qui s&rsquo;opposaient militairement, le lys devient le symbole de Florence. Au XIII \u00e8me si\u00e8cle la cath\u00e9drale Santa Maria del Fiore est nomm\u00e9e ainsi en rapport avec le lys et \u00e0 partir du XIV \u00e8me si\u00e8cle il est repr\u00e9sent\u00e9 sur l&#8217;embl\u00e8me de la famille de M\u00e9dicis, qui \u00e9tait une puissante famille de la noblesse florentine; il figure \u00e9galement sur la monnaie, le florin.\u00a0<img loading=\"lazy\" decoding=\"async\" class=\"size-medium wp-image-29 aligncenter\" src=\"http:\/\/www.fg-berlin.eu\/blogs\/florence2016\/wp-content\/uploads\/sites\/18\/2016\/04\/5310_-_Firenze_-_Campanile_di_Giotto_-_Foto_Giovanni_DallOrto_27-Jan-2008-199x300.jpg\" alt=\"5310_-_Firenze_-_Campanile_di_Giotto_-_Foto_Giovanni_Dall'Orto,_27-Jan-2008\" width=\"199\" height=\"300\" srcset=\"https:\/\/www.fg-berlin.eu\/blogs\/florence2016\/wp-content\/uploads\/sites\/18\/2016\/04\/5310_-_Firenze_-_Campanile_di_Giotto_-_Foto_Giovanni_DallOrto_27-Jan-2008-199x300.jpg 199w, https:\/\/www.fg-berlin.eu\/blogs\/florence2016\/wp-content\/uploads\/sites\/18\/2016\/04\/5310_-_Firenze_-_Campanile_di_Giotto_-_Foto_Giovanni_DallOrto_27-Jan-2008-768x1157.jpg 768w, https:\/\/www.fg-berlin.eu\/blogs\/florence2016\/wp-content\/uploads\/sites\/18\/2016\/04\/5310_-_Firenze_-_Campanile_di_Giotto_-_Foto_Giovanni_DallOrto_27-Jan-2008-680x1024.jpg 680w, https:\/\/www.fg-berlin.eu\/blogs\/florence2016\/wp-content\/uploads\/sites\/18\/2016\/04\/5310_-_Firenze_-_Campanile_di_Giotto_-_Foto_Giovanni_DallOrto_27-Jan-2008.jpg 800w\" sizes=\"auto, (max-width: 199px) 100vw, 199px\" \/>\u00a0<\/span><span lang=\"fr-FR\">M\u00eame si le lys est aussi pr\u00e9sent dans les symboles de la royaut\u00e9 fran\u00e7aise, le lys de Florence se diff\u00e9rencie de l&#8217;embl\u00e8me des rois de France puisque le lys de Florence est rouge sur un fond blanc et le lys de la royaut\u00e9 fran\u00e7aise est dor\u00e9 sur un fond bleu.<\/span><\/p>\n<p>Esm\u00e9e H\u00e4gle<\/p>\n","protected":false},"excerpt":{"rendered":"<p>La fleur de lys, pr\u00e9sente dans toute la ville de Florence, m\u00e9rite qu\u2019on y jette un deuxi\u00e8me coup d\u2019\u0153il. En 59 av. J.-C. la cit\u00e9 de Florence a \u00e9t\u00e9 fond\u00e9e en Toscane sur le bord de l&rsquo;Arno ; la ville s&rsquo;est \u00e9tablie sur des terres abondamment fleuries de lys apparemment, ce qui correspond \u00e0 la &hellip; <a href=\"https:\/\/www.fg-berlin.eu\/blogs\/florence2016\/2016\/04\/30\/la-fleur-de-lys-symbole-de-florence\/\" class=\"more-link\">Continuer la lecture de <span class=\"screen-reader-text\">La fleur de lys \u2014 symbole de Florence<\/span><\/a><\/p>\n","protected":false},"author":14,"featured_media":0,"comment_status":"open","ping_status":"open","sticky":false,"template":"","format":"standard","meta":{"footnotes":""},"categories":[1],"tags":[],"class_list":["post-27","post","type-post","status-publish","format-standard","hentry","category-non-classe"],"_links":{"self":[{"href":"https:\/\/www.fg-berlin.eu\/blogs\/florence2016\/wp-json\/wp\/v2\/posts\/27","targetHints":{"allow":["GET"]}}],"collection":[{"href":"https:\/\/www.fg-berlin.eu\/blogs\/florence2016\/wp-json\/wp\/v2\/posts"}],"about":[{"href":"https:\/\/www.fg-berlin.eu\/blogs\/florence2016\/wp-json\/wp\/v2\/types\/post"}],"author":[{"embeddable":true,"href":"https:\/\/www.fg-berlin.eu\/blogs\/florence2016\/wp-json\/wp\/v2\/users\/14"}],"replies":[{"embeddable":true,"href":"https:\/\/www.fg-berlin.eu\/blogs\/florence2016\/wp-json\/wp\/v2\/comments?post=27"}],"version-history":[{"count":2,"href":"https:\/\/www.fg-berlin.eu\/blogs\/florence2016\/wp-json\/wp\/v2\/posts\/27\/revisions"}],"predecessor-version":[{"id":31,"href":"https:\/\/www.fg-berlin.eu\/blogs\/florence2016\/wp-json\/wp\/v2\/posts\/27\/revisions\/31"}],"wp:attachment":[{"href":"https:\/\/www.fg-berlin.eu\/blogs\/florence2016\/wp-json\/wp\/v2\/media?parent=27"}],"wp:term":[{"taxonomy":"category","embeddable":true,"href":"https:\/\/www.fg-berlin.eu\/blogs\/florence2016\/wp-json\/wp\/v2\/categories?post=27"},{"taxonomy":"post_tag","embeddable":true,"href":"https:\/\/www.fg-berlin.eu\/blogs\/florence2016\/wp-json\/wp\/v2\/tags?post=27"}],"curies":[{"name":"wp","href":"https:\/\/api.w.org\/{rel}","templated":true}]}}