{"id":107,"date":"2016-05-10T20:29:07","date_gmt":"2016-05-10T19:29:07","guid":{"rendered":"http:\/\/www.fg-berlin.eu\/blogs\/florence2016\/?p=107"},"modified":"2016-05-10T20:29:52","modified_gmt":"2016-05-10T19:29:52","slug":"peregrinations-florentines","status":"publish","type":"post","link":"https:\/\/www.fg-berlin.eu\/blogs\/florence2016\/2016\/05\/10\/peregrinations-florentines\/","title":{"rendered":"P\u00e9r\u00e9grinations florentines"},"content":{"rendered":"<p>par Mariam &amp; Alice<\/p>\n<p>&nbsp;<\/p>\n<p>&nbsp;<\/p>\n<p>\u00ab\u00a0Florence hostel plus\u00a0\u00bb, un \u00e9l\u00e8ve ne pourrait r\u00eaver mieux en terme de luxe. Quel confort, quel bien-\u00eatre dans cet h\u00f4tel somptueux! Blague \u00e0 part, nous \u00e9tions sinc\u00e8rement tr\u00e8s surpris par les conditions d\u2019h\u00e9bergement, auxquelles nous, simples \u00e9l\u00e8ves berlinois habitu\u00e9s aux Jugendherbergen miteuses et marqu\u00e9es par l\u2019odeur de renferm\u00e9, ne nous \u00e9tions pas attendu. Quel plaisir de se reposer dans le sauna et le hammam apr\u00e8s une journ\u00e9e riche en visites de mus\u00e9es de toutes sortes, en ballades dans la ville.<\/p>\n<p>Les petits plans de la ville mis \u00e0 notre disposition \u00e0 la r\u00e9ception nous \u00e9taient tr\u00e8s utiles, et indiquaient\u00a0les endroits \u00e0 visiter. Cela ne nous a pas emp\u00each\u00e9, pendant les heures de quartier libre, de souffrir de notre sens de l\u2019orientation d\u00e9plorable. \u00c0 nous deux, nous encha\u00eenions mauvaise rue sur mauvaise rue et manquions de nous perdre. Nous nous sauvions \u00e0 chaque fois en demandant dans un italien approximatif notre chemin aux passants, qui, souvent, ne comprenaient pas l\u2019anglais.<\/p>\n<p>Ce qui nous a plu le mieux dans ce voyage? Les Jardins de Boboli, une oasis verte et reposante au milieu de l\u2019agitation de la ville. Ce site extraordinaire permet aux touristes de profiter d\u2019un peu de calme et de verdure apr\u00e8s avoir visit\u00e9 force mus\u00e9es &amp; monuments, et fait du shopping. On y prom\u00e8ne ses yeux sur les larges\u00a0 all\u00e9es imposantes et strictement g\u00e9om\u00e9triques, on se prom\u00e8ne sur les petits chemins bord\u00e9s d\u2019herbes touffues, certains ont m\u00eame d\u00e9val\u00e9 les pentes en se roulant dans l\u2019herbe (sans se faire remarquer par les gardiens bien s\u00fbr).\u00a0 Si vous prenez la sortie \u00e0 l\u2019Ouest, vous pourrez continuer votre mont\u00e9e vers la place San Michele, qui en vaut vraiment la peine et m\u00e9rite le d\u00e9tour: on a une vue imprenable sur la ville de Florence et ses alentours. En descendant, ne ratez surtout pas la \u00ab\u00a0rue des artistes\u00a0\u00bb, que nous avons surnomm\u00e9e ainsi, \u00e0 d\u00e9faut de conna\u00eetre son nom v\u00e9ritable: c\u2019est le Montmartre de Florence. Artisanat, bijouteries et art moderne, voil\u00e0 \u00e0 quoi vous attendre lorsque vous descendrez cette petite rue n\u00e9glig\u00e9e par les touristes.<\/p>\n<p>En deuxi\u00e8me place ? Le mercato centrale. M\u00eame si vous ne consommez rien, c\u2019est un vrai r\u00e9gal visuel et olfactif.\u00a0 Ce sont des montagnes d\u2019aliments de toutes sortes, aussi bien de la charcuterie que des fruits aux couleurs \u00e9clatantes qui inspirent les photographes. Ce sont des marchands qui vous gratifient d\u2019un sonore \u00ab\u00a0Bongiorno\u00a0\u00bb. Ce sont des all\u00e9es labyrinthiques, bord\u00e9es d\u2019\u00e9talages multiples.\u00a0 D\u2019ailleurs, il est conseill\u00e9 de ne pas se s\u00e9parer, vous risquerez de ne plus retrouver vos amis, croyez nous, nous en avons fait l\u2019exp\u00e9rience.<\/p>\n<p>Si vous ne venez pas en simple curieux mais en consommateurs, vous trouverez, au rez de chauss\u00e9e, des produits typiques de la r\u00e9gion, des p\u00e2tes par exemple (il y en a m\u00eame aux couleurs de l\u2019Italie), des tomates s\u00e9ch\u00e9es ou encore les c\u00e9l\u00e8bres cantuccinis. Vous pouvez aussi acheter une sp\u00e9cialit\u00e9 peu courante, le \u00ab\u00a0ciabatta noir\u00a0\u00bb, que nous avons eu le plaisir de go\u00fbter.\u00a0 Il doit sa couleur tr\u00e8s originale \u00e0 une algue, mais n\u2019ayez pas peur, sa saveur n\u2019a rien \u00e0 envier aux ciabattas normales.<\/p>\n<p>Au premier \u00e9tage, vous trouverez des plats \u00e0 emporter ou \u00e0 manger sur place, sucr\u00e9s ou sal\u00e9s, traditionnels ou alternatifs.<\/p>\n<p>Seul b\u00e9mol: v\u00e9g\u00e9tariens, \u00e9vitez tout de m\u00eame les stands de charcuterie, o\u00f9 les charcutiers italiens exhibent fi\u00e8rement les fameuses \u00ab\u00a0tripes\u00a0\u00bb, dispos\u00e9es \u00e0 c\u00f4t\u00e9 de pattes de porc ou de poules. Cela ne fait pas envie \u00e0 tout le monde.<\/p>\n","protected":false},"excerpt":{"rendered":"<p>par Mariam &amp; Alice &nbsp; &nbsp; \u00ab\u00a0Florence hostel plus\u00a0\u00bb, un \u00e9l\u00e8ve ne pourrait r\u00eaver mieux en terme de luxe. Quel confort, quel bien-\u00eatre dans cet h\u00f4tel somptueux! Blague \u00e0 part, nous \u00e9tions sinc\u00e8rement tr\u00e8s surpris par les conditions d\u2019h\u00e9bergement, auxquelles nous, simples \u00e9l\u00e8ves berlinois habitu\u00e9s aux Jugendherbergen miteuses et marqu\u00e9es par l\u2019odeur de renferm\u00e9, ne &hellip; <a href=\"https:\/\/www.fg-berlin.eu\/blogs\/florence2016\/2016\/05\/10\/peregrinations-florentines\/\" class=\"more-link\">Continuer la lecture de <span class=\"screen-reader-text\">P\u00e9r\u00e9grinations florentines<\/span><\/a><\/p>\n","protected":false},"author":152,"featured_media":0,"comment_status":"open","ping_status":"open","sticky":false,"template":"","format":"standard","meta":{"footnotes":""},"categories":[1],"tags":[],"class_list":["post-107","post","type-post","status-publish","format-standard","hentry","category-non-classe"],"_links":{"self":[{"href":"https:\/\/www.fg-berlin.eu\/blogs\/florence2016\/wp-json\/wp\/v2\/posts\/107","targetHints":{"allow":["GET"]}}],"collection":[{"href":"https:\/\/www.fg-berlin.eu\/blogs\/florence2016\/wp-json\/wp\/v2\/posts"}],"about":[{"href":"https:\/\/www.fg-berlin.eu\/blogs\/florence2016\/wp-json\/wp\/v2\/types\/post"}],"author":[{"embeddable":true,"href":"https:\/\/www.fg-berlin.eu\/blogs\/florence2016\/wp-json\/wp\/v2\/users\/152"}],"replies":[{"embeddable":true,"href":"https:\/\/www.fg-berlin.eu\/blogs\/florence2016\/wp-json\/wp\/v2\/comments?post=107"}],"version-history":[{"count":7,"href":"https:\/\/www.fg-berlin.eu\/blogs\/florence2016\/wp-json\/wp\/v2\/posts\/107\/revisions"}],"predecessor-version":[{"id":114,"href":"https:\/\/www.fg-berlin.eu\/blogs\/florence2016\/wp-json\/wp\/v2\/posts\/107\/revisions\/114"}],"wp:attachment":[{"href":"https:\/\/www.fg-berlin.eu\/blogs\/florence2016\/wp-json\/wp\/v2\/media?parent=107"}],"wp:term":[{"taxonomy":"category","embeddable":true,"href":"https:\/\/www.fg-berlin.eu\/blogs\/florence2016\/wp-json\/wp\/v2\/categories?post=107"},{"taxonomy":"post_tag","embeddable":true,"href":"https:\/\/www.fg-berlin.eu\/blogs\/florence2016\/wp-json\/wp\/v2\/tags?post=107"}],"curies":[{"name":"wp","href":"https:\/\/api.w.org\/{rel}","templated":true}]}}