{"id":76,"date":"2025-11-14T14:19:25","date_gmt":"2025-11-14T13:19:25","guid":{"rendered":"http:\/\/www.fg-berlin.eu\/blogs\/developpement-durable\/?p=76"},"modified":"2025-12-16T15:20:26","modified_gmt":"2025-12-16T14:20:26","slug":"des-eco-delegues-dans-chaque-classe","status":"publish","type":"post","link":"https:\/\/www.fg-berlin.eu\/blogs\/developpement-durable\/2025\/11\/14\/des-eco-delegues-dans-chaque-classe\/","title":{"rendered":"Des \u00e9co-d\u00e9l\u00e9gu\u00e9s dans chaque classe"},"content":{"rendered":"\n<p class=\"wp-block-paragraph\">Chaque ann\u00e9e, les classes du FG \u00e9lisent leurs \u00e9co-d\u00e9l\u00e9gu\u00e9s. Les \u00e9co-d\u00e9l\u00e9gu\u00e9s sont des \u00e9l\u00e8ves int\u00e9ress\u00e9s par le d\u00e9veloppement durable et la protection de l\u00b4environnement, qui souhaitent s\u00b4impliquer dans leur classe et au sein du FG sur ces th\u00e9matiques \ud83c\udf0d<\/p>\n\n\n\n<figure class=\"wp-block-gallery has-nested-images columns-default is-cropped wp-block-gallery-1 is-layout-flex wp-block-gallery-is-layout-flex\">\n<figure class=\"wp-block-image\"><img loading=\"lazy\" decoding=\"async\" width=\"960\" height=\"720\" data-id=\"80\" src=\"https:\/\/www.fg-berlin.eu\/blogs\/developpement-durable\/wp-content\/uploads\/sites\/29\/2019\/12\/E3D-au-FG-slide-eco-d\u00e9l\u00e9gu\u00e9s.jpg\" alt=\"\" class=\"wp-image-80\" srcset=\"https:\/\/www.fg-berlin.eu\/blogs\/developpement-durable\/wp-content\/uploads\/sites\/29\/2019\/12\/E3D-au-FG-slide-eco-d\u00e9l\u00e9gu\u00e9s.jpg 960w, https:\/\/www.fg-berlin.eu\/blogs\/developpement-durable\/wp-content\/uploads\/sites\/29\/2019\/12\/E3D-au-FG-slide-eco-d\u00e9l\u00e9gu\u00e9s-300x225.jpg 300w, https:\/\/www.fg-berlin.eu\/blogs\/developpement-durable\/wp-content\/uploads\/sites\/29\/2019\/12\/E3D-au-FG-slide-eco-d\u00e9l\u00e9gu\u00e9s-768x576.jpg 768w\" sizes=\"auto, (max-width: 960px) 100vw, 960px\" \/><\/figure>\n<\/figure>\n\n\n\n<p class=\"wp-block-paragraph\">Les \u00e9co-d\u00e9l\u00e9gu\u00e9s sont donc les r\u00e9f\u00e9rents principaux de la d\u00e9marche aupr\u00e8s de leurs camarades. Cependant, tout les \u00e9l\u00e8ves motiv\u00e9.es sont les bienvenu.es pour s\u00b4impliquer en faveur du d\u00e9veloppement durable, m\u00eame s\u00b4il n\u00b4est pas \u00e9lu ! <\/p>\n\n\n\n<p class=\"wp-block-paragraph\">Un grand merci \u00e0 tous les \u00e9l\u00e8ves qui s\u00b4impliquent d\u00b4ores et d\u00e9j\u00e0 pour le projet ! Ceux-ci seront invit\u00e9s au cours de l\u00b4ann\u00e9e \u00e0 \u00e9crire des articles sur ce blog pour valoriser leurs actions. <\/p>\n\n\n\n<p class=\"wp-block-paragraph\">Affaire \u00e0 suivre ! \ud83c\udf31<\/p>\n","protected":false},"excerpt":{"rendered":"<p>Chaque ann\u00e9e, les classes du FG \u00e9lisent leurs \u00e9co-d\u00e9l\u00e9gu\u00e9s. Les \u00e9co-d\u00e9l\u00e9gu\u00e9s sont des \u00e9l\u00e8ves int\u00e9ress\u00e9s par le d\u00e9veloppement durable et la protection de l\u00b4environnement, qui souhaitent s\u00b4impliquer dans leur classe et au sein du FG sur ces th\u00e9matiques \ud83c\udf0d Les \u00e9co-d\u00e9l\u00e9gu\u00e9s sont donc les r\u00e9f\u00e9rents principaux de la d\u00e9marche aupr\u00e8s de leurs camarades. Cependant, tout<a class=\"read-more \" href=\"https:\/\/www.fg-berlin.eu\/blogs\/developpement-durable\/2025\/11\/14\/des-eco-delegues-dans-chaque-classe\/\" title=\"Read More\"> <span class=\"button default\">Read More<\/span><\/a><\/p>\n","protected":false},"author":578,"featured_media":0,"comment_status":"open","ping_status":"open","sticky":false,"template":"","format":"standard","meta":{"_crdt_document":"","footnotes":""},"categories":[1],"tags":[],"class_list":["post-76","post","type-post","status-publish","format-standard","hentry","category-non-classe"],"_links":{"self":[{"href":"https:\/\/www.fg-berlin.eu\/blogs\/developpement-durable\/wp-json\/wp\/v2\/posts\/76","targetHints":{"allow":["GET"]}}],"collection":[{"href":"https:\/\/www.fg-berlin.eu\/blogs\/developpement-durable\/wp-json\/wp\/v2\/posts"}],"about":[{"href":"https:\/\/www.fg-berlin.eu\/blogs\/developpement-durable\/wp-json\/wp\/v2\/types\/post"}],"author":[{"embeddable":true,"href":"https:\/\/www.fg-berlin.eu\/blogs\/developpement-durable\/wp-json\/wp\/v2\/users\/578"}],"replies":[{"embeddable":true,"href":"https:\/\/www.fg-berlin.eu\/blogs\/developpement-durable\/wp-json\/wp\/v2\/comments?post=76"}],"version-history":[{"count":5,"href":"https:\/\/www.fg-berlin.eu\/blogs\/developpement-durable\/wp-json\/wp\/v2\/posts\/76\/revisions"}],"predecessor-version":[{"id":487,"href":"https:\/\/www.fg-berlin.eu\/blogs\/developpement-durable\/wp-json\/wp\/v2\/posts\/76\/revisions\/487"}],"wp:attachment":[{"href":"https:\/\/www.fg-berlin.eu\/blogs\/developpement-durable\/wp-json\/wp\/v2\/media?parent=76"}],"wp:term":[{"taxonomy":"category","embeddable":true,"href":"https:\/\/www.fg-berlin.eu\/blogs\/developpement-durable\/wp-json\/wp\/v2\/categories?post=76"},{"taxonomy":"post_tag","embeddable":true,"href":"https:\/\/www.fg-berlin.eu\/blogs\/developpement-durable\/wp-json\/wp\/v2\/tags?post=76"}],"curies":[{"name":"wp","href":"https:\/\/api.w.org\/{rel}","templated":true}]}}