{"id":489,"date":"2025-12-05T12:54:02","date_gmt":"2025-12-05T11:54:02","guid":{"rendered":"https:\/\/www.fg-berlin.eu\/blogs\/developpement-durable\/?p=489"},"modified":"2025-12-05T13:07:51","modified_gmt":"2025-12-05T12:07:51","slug":"17-objectifs-pour-changer-le-monde-les-odd-de-lonu-expliques","status":"publish","type":"post","link":"https:\/\/www.fg-berlin.eu\/blogs\/developpement-durable\/2025\/12\/05\/17-objectifs-pour-changer-le-monde-les-odd-de-lonu-expliques\/","title":{"rendered":"17 objectifs pour changer le monde : Les ODD de l&rsquo;ONU expliqu\u00e9s"},"content":{"rendered":"\n<p class=\"has-medium-font-size wp-block-paragraph\">En 2015, les Nations unies ont fix\u00e9 <strong>17 Objectifs de D\u00e9veloppement Durable<\/strong>, souvent appel\u00e9s les <strong>ODD<\/strong>. Ces objectifs servent de feuille de route pour construire un monde plus juste, plus respectueux de l\u2019environnement et plus solidaire d\u2019ici 2030.<br>Ils concernent <strong>tous les pays<\/strong> et <strong>toutes les g\u00e9n\u00e9rations<\/strong> : \u00e9l\u00e8ves, parents, enseignants, citoyens\u2026 chacun peut agir \u00e0 son niveau.<\/p>\n\n\n\n<figure class=\"wp-block-image size-full is-resized\"><img loading=\"lazy\" decoding=\"async\" width=\"1024\" height=\"683\" src=\"https:\/\/www.fg-berlin.eu\/blogs\/developpement-durable\/wp-content\/uploads\/sites\/29\/2025\/12\/onu_objectifs_developpement_durable.jpg\" alt=\"\" class=\"wp-image-490\" style=\"aspect-ratio:1.4992860651486386;width:716px;height:auto\" srcset=\"https:\/\/www.fg-berlin.eu\/blogs\/developpement-durable\/wp-content\/uploads\/sites\/29\/2025\/12\/onu_objectifs_developpement_durable.jpg 1024w, https:\/\/www.fg-berlin.eu\/blogs\/developpement-durable\/wp-content\/uploads\/sites\/29\/2025\/12\/onu_objectifs_developpement_durable-300x200.jpg 300w, https:\/\/www.fg-berlin.eu\/blogs\/developpement-durable\/wp-content\/uploads\/sites\/29\/2025\/12\/onu_objectifs_developpement_durable-768x512.jpg 768w\" sizes=\"auto, (max-width: 1024px) 100vw, 1024px\" \/><\/figure>\n\n\n\n<hr class=\"wp-block-separator has-alpha-channel-opacity\" \/>\n\n\n\n<h3 class=\"wp-block-heading has-black-color has-text-color has-link-color wp-elements-86b98e2a973cc37df67944b61633b07a\"><strong>1. Pas de pauvret\u00e9<\/strong><\/h3>\n\n\n\n<p class=\"has-medium-font-size wp-block-paragraph\">\u00c9liminer l\u2019extr\u00eame pauvret\u00e9 et aider chacun \u00e0 vivre dignement : acc\u00e8s \u00e0 un revenu, \u00e0 un logement, \u00e0 la s\u00e9curit\u00e9.<\/p>\n\n\n\n<h3 class=\"wp-block-heading has-black-color has-text-color has-link-color wp-elements-80fec6c69678724615bbda3eb4b7520c\"><strong>2. Faim \u201cz\u00e9ro\u201d<\/strong><\/h3>\n\n\n\n<p class=\"has-medium-font-size wp-block-paragraph\">Garantir \u00e0 tous et toutes une alimentation suffisante et de qualit\u00e9, soutenir l\u2019agriculture durable et prot\u00e9ger les ressources alimentaires.<\/p>\n\n\n\n<h3 class=\"wp-block-heading has-black-color has-text-color has-link-color wp-elements-6bc9a7219a32d0ce19b90dbc2f9c68e4\"><strong>3. Bonne sant\u00e9 et bien-\u00eatre<\/strong><\/h3>\n\n\n\n<p class=\"has-medium-font-size wp-block-paragraph\">Permettre \u00e0 tous et toutes d\u2019acc\u00e9der \u00e0 des soins de qualit\u00e9, promouvoir un mode de vie sain, r\u00e9duire les maladies et prot\u00e9ger la sant\u00e9 mentale.<\/p>\n\n\n\n<h3 class=\"wp-block-heading has-black-color has-text-color has-link-color wp-elements-29ed80683a6bd92824d8a7151273692e\"><strong>4. \u00c9ducation de qualit\u00e9<\/strong><\/h3>\n\n\n\n<p class=\"has-medium-font-size wp-block-paragraph\">Proposer une \u00e9ducation accessible \u00e0 tous et toutes, partout dans le monde, pour apprendre, se former et construire son avenir.<\/p>\n\n\n\n<h3 class=\"wp-block-heading has-black-color has-text-color has-link-color wp-elements-4c59cea45c5e9a2249683a91d5015c29\"><strong>5. \u00c9galit\u00e9 entre les sexes<\/strong><\/h3>\n\n\n\n<p class=\"has-medium-font-size wp-block-paragraph\">Donner les m\u00eames droits, les m\u00eames opportunit\u00e9s et le m\u00eame respect aux femmes et aux hommes.<\/p>\n\n\n\n<h3 class=\"wp-block-heading has-black-color has-text-color has-link-color wp-elements-0e5ca3e7eb4031ad2cd612d8f27298fa\"><strong>6. Eau propre et assainissement<\/strong><\/h3>\n\n\n\n<p class=\"has-medium-font-size wp-block-paragraph\">Assurer l\u2019acc\u00e8s \u00e0 une eau potable s\u00fbre, prot\u00e9ger les ressources en eau et garantir des installations sanitaires pour tous et toutes.<\/p>\n\n\n\n<h3 class=\"wp-block-heading has-black-color has-text-color has-link-color wp-elements-5976e818292a0a4150efbb84bc732519\"><strong>7. \u00c9nergie propre et d\u2019un co\u00fbt abordable<\/strong><\/h3>\n\n\n\n<p class=\"has-medium-font-size wp-block-paragraph\">D\u00e9velopper les \u00e9nergies renouvelables (solaire, \u00e9olien, hydraulique\u2026) et r\u00e9duire la d\u00e9pendance aux \u00e9nergies polluantes (p\u00e9trole, charbon&#8230;).<\/p>\n\n\n\n<h3 class=\"wp-block-heading has-black-color has-text-color has-link-color wp-elements-5ca9d83a7b130d44df52183391ed40f3\"><strong>8. Travail d\u00e9cent et croissance \u00e9conomique<\/strong><\/h3>\n\n\n\n<p class=\"has-medium-font-size wp-block-paragraph\">Cr\u00e9er de bonnes conditions de travail, lutter contre le ch\u00f4mage et encourager une \u00e9conomie qui progresse sans d\u00e9truire la plan\u00e8te.<\/p>\n\n\n\n<h3 class=\"wp-block-heading has-black-color has-text-color has-link-color wp-elements-b74f71ad92c1d9203dd73e5e5f523e7c\"><strong>9. Industrie, innovation et infrastructures<\/strong><\/h3>\n\n\n\n<p class=\"has-medium-font-size wp-block-paragraph\">Construire des transports, b\u00e2timents, r\u00e9seaux et technologies durables, tout en soutenant l\u2019innovation \u00e9cologique.<\/p>\n\n\n\n<h3 class=\"wp-block-heading has-black-color has-text-color has-link-color wp-elements-949f42a1799d59487918269eff932c7e\"><strong>10. In\u00e9galit\u00e9s r\u00e9duites<\/strong><\/h3>\n\n\n\n<p class=\"has-medium-font-size wp-block-paragraph\">R\u00e9duire les in\u00e9galit\u00e9s \u00e9conomiques, sociales et territoriales entre les personnes, les pays et les r\u00e9gions.<\/p>\n\n\n\n<h3 class=\"wp-block-heading has-black-color has-text-color has-link-color wp-elements-5529139fb1af1bbcd0f01e13db036fd5\"><strong>11. Villes et communaut\u00e9s durables<\/strong><\/h3>\n\n\n\n<p class=\"has-medium-font-size wp-block-paragraph\">Rendre les villes plus respirables, plus s\u00fbres et plus agr\u00e9ables : transports propres, espaces verts, logements abordables, lieux de sociabilit\u00e9s&#8230;<\/p>\n\n\n\n<h3 class=\"wp-block-heading has-black-color has-text-color has-link-color wp-elements-ebb1a10f0b0296421bb9b201b92f01b9\"><strong>12. Consommation et production responsables<\/strong><\/h3>\n\n\n\n<p class=\"has-medium-font-size wp-block-paragraph\">Encourager le recyclage, r\u00e9parer plut\u00f4t que jeter, r\u00e9duire le gaspillage alimentaire, favoriser des modes de consommation raisonn\u00e9s.<\/p>\n\n\n\n<h3 class=\"wp-block-heading has-black-color has-text-color has-link-color wp-elements-2c3207817953acce5174590224ab7fa9\"><strong>13. Lutte contre les changements climatiques<\/strong><\/h3>\n\n\n\n<p class=\"has-medium-font-size wp-block-paragraph\">R\u00e9duire les \u00e9missions de gaz \u00e0 effet de serre, prot\u00e9ger la biodiversit\u00e9 et agir pour limiter le r\u00e9chauffement climatique.<\/p>\n\n\n\n<h3 class=\"wp-block-heading has-black-color has-text-color has-link-color wp-elements-4c82524ec8757d75f578ad0f748aa558\"><strong>14. Vie aquatique<\/strong><\/h3>\n\n\n\n<p class=\"has-medium-font-size wp-block-paragraph\">Pr\u00e9server les oc\u00e9ans, les mers et les lacs : r\u00e9duire la pollution plastique, prot\u00e9ger les esp\u00e8ces marines, \u00e9viter la surp\u00eache.<\/p>\n\n\n\n<h3 class=\"wp-block-heading has-black-color has-text-color has-link-color wp-elements-61f7b1174da18f245c738dea64dd9fa0\"><strong>15. Vie terrestre<\/strong><\/h3>\n\n\n\n<p class=\"has-medium-font-size wp-block-paragraph\">Prot\u00e9ger les for\u00eats, les sols, les animaux et les plantes, et restaurer les milieux naturels menac\u00e9s.<\/p>\n\n\n\n<h3 class=\"wp-block-heading has-black-color has-text-color has-link-color wp-elements-25a56b4c57bf78473add90ce99ad82e7\"><strong>16. Paix, justice et institutions efficaces<\/strong><\/h3>\n\n\n\n<p class=\"has-medium-font-size wp-block-paragraph\">Promouvoir la paix, lutter contre la corruption, garantir la justice et les droits humains pour tous et toutes.<\/p>\n\n\n\n<h3 class=\"wp-block-heading has-black-color has-text-color has-link-color wp-elements-5219d1fb9df2daa0a3277f88630ed3dd\"><strong>17. Partenariats pour la r\u00e9alisation des objectifs<\/strong><\/h3>\n\n\n\n<p class=\"has-medium-font-size wp-block-paragraph\">Travailler ensemble : \u00c9tats, \u00e9coles, entreprises, associations, citoyens\u2026 Aucun objectif ne peut \u00eatre atteint seul.<\/p>\n\n\n\n<hr class=\"wp-block-separator has-alpha-channel-opacity\" \/>\n\n\n\n<h2 class=\"wp-block-heading\"><strong>Pourquoi ces objectifs nous concernent-ils au Lyc\u00e9e fran\u00e7ais de Berlin ?<\/strong><\/h2>\n\n\n\n<p class=\"has-medium-font-size wp-block-paragraph\">Parce que le d\u00e9veloppement durable commence <strong>localement<\/strong>, dans nos habitudes quotidiennes :<\/p>\n\n\n\n<ul class=\"wp-block-list\">\n<li class=\"has-medium-font-size\">r\u00e9duire les d\u00e9chets \u00e0 la cantine,<\/li>\n\n\n\n<li class=\"has-medium-font-size\">favoriser le v\u00e9lo ou les transports en commun pour venir au lyc\u00e9e,<\/li>\n\n\n\n<li class=\"has-medium-font-size\">organiser des actions solidaires : collectes de v\u00eatements,<\/li>\n\n\n\n<li class=\"has-medium-font-size\">\u00e9conomiser l\u2019\u00e9nergie au sein du lyc\u00e9e : \u00e9teindre les lumi\u00e8res, faire attention \u00e0 l&rsquo;utilisation du chauffage&#8230;<\/li>\n\n\n\n<li class=\"has-medium-font-size\">prot\u00e9ger la biodiversit\u00e9 en prenant soin du jardin du lyc\u00e9e et dans espaces ext\u00e9rieurs <\/li>\n<\/ul>\n\n\n\n<hr class=\"wp-block-separator has-alpha-channel-opacity\" \/>\n\n\n\n<h2 class=\"wp-block-heading has-black-color has-text-color has-link-color wp-elements-df504de4e65dee8475c23f5ca6d5cee1\"><strong>En conclusion : 17 objectifs, un seul futur<\/strong><\/h2>\n\n\n\n<p class=\"has-black-color has-text-color has-link-color has-medium-font-size wp-elements-2bc0fcef2557ae47b8e89699005619f8 wp-block-paragraph\">Les ODD sont un appel \u00e0 agir ensemble pour construire un monde plus durable. <strong>En tant qu\u2019\u00e9l\u00e8ves, parents ou professeurs du Lyc\u00e9e fran\u00e7ais de Berlin, nous pouvons tous et toutes contribuer, m\u00eame par de petites actions.<\/strong><br>Le changement commence par la connaissance\u2026 et se poursuit par l\u2019engagement !<\/p>\n\n\n\n<p class=\"has-link-color has-medium-font-size wp-elements-deeb6cb9ef96403757317addf9c66401 wp-block-paragraph\">N&rsquo;h\u00e9sitez pas \u00e0 contacter Alix Speyer pour toutes questions : aspeyer@fg-berlin.eu<\/p>\n\n\n\n<p class=\"wp-block-paragraph\"><\/p>\n","protected":false},"excerpt":{"rendered":"<p>En 2015, les Nations unies ont fix\u00e9 17 Objectifs de D\u00e9veloppement Durable, souvent appel\u00e9s les ODD. Ces objectifs servent de feuille de route pour construire un monde plus juste, plus respectueux de l\u2019environnement et plus solidaire d\u2019ici 2030.Ils concernent tous les pays et toutes les g\u00e9n\u00e9rations : \u00e9l\u00e8ves, parents, enseignants, citoyens\u2026 chacun peut agir \u00e0<a class=\"read-more \" href=\"https:\/\/www.fg-berlin.eu\/blogs\/developpement-durable\/2025\/12\/05\/17-objectifs-pour-changer-le-monde-les-odd-de-lonu-expliques\/\" title=\"Read More\"> <span class=\"button default\">Read More<\/span><\/a><\/p>\n","protected":false},"author":578,"featured_media":0,"comment_status":"open","ping_status":"open","sticky":false,"template":"","format":"standard","meta":{"_crdt_document":"","footnotes":""},"categories":[1],"tags":[],"class_list":["post-489","post","type-post","status-publish","format-standard","hentry","category-non-classe"],"_links":{"self":[{"href":"https:\/\/www.fg-berlin.eu\/blogs\/developpement-durable\/wp-json\/wp\/v2\/posts\/489","targetHints":{"allow":["GET"]}}],"collection":[{"href":"https:\/\/www.fg-berlin.eu\/blogs\/developpement-durable\/wp-json\/wp\/v2\/posts"}],"about":[{"href":"https:\/\/www.fg-berlin.eu\/blogs\/developpement-durable\/wp-json\/wp\/v2\/types\/post"}],"author":[{"embeddable":true,"href":"https:\/\/www.fg-berlin.eu\/blogs\/developpement-durable\/wp-json\/wp\/v2\/users\/578"}],"replies":[{"embeddable":true,"href":"https:\/\/www.fg-berlin.eu\/blogs\/developpement-durable\/wp-json\/wp\/v2\/comments?post=489"}],"version-history":[{"count":4,"href":"https:\/\/www.fg-berlin.eu\/blogs\/developpement-durable\/wp-json\/wp\/v2\/posts\/489\/revisions"}],"predecessor-version":[{"id":496,"href":"https:\/\/www.fg-berlin.eu\/blogs\/developpement-durable\/wp-json\/wp\/v2\/posts\/489\/revisions\/496"}],"wp:attachment":[{"href":"https:\/\/www.fg-berlin.eu\/blogs\/developpement-durable\/wp-json\/wp\/v2\/media?parent=489"}],"wp:term":[{"taxonomy":"category","embeddable":true,"href":"https:\/\/www.fg-berlin.eu\/blogs\/developpement-durable\/wp-json\/wp\/v2\/categories?post=489"},{"taxonomy":"post_tag","embeddable":true,"href":"https:\/\/www.fg-berlin.eu\/blogs\/developpement-durable\/wp-json\/wp\/v2\/tags?post=489"}],"curies":[{"name":"wp","href":"https:\/\/api.w.org\/{rel}","templated":true}]}}