{"id":30,"date":"2024-06-24T10:35:33","date_gmt":"2024-06-24T08:35:33","guid":{"rendered":"https:\/\/www.fg-berlin.eu\/blogs\/bep24\/?p=30"},"modified":"2024-06-24T10:35:34","modified_gmt":"2024-06-24T08:35:34","slug":"jour-2-deuxieme-jour-de-la-session-des-commissions-du-parlement-europeen-des-lyceens","status":"publish","type":"post","link":"https:\/\/www.fg-berlin.eu\/blogs\/bep24\/2024\/06\/24\/jour-2-deuxieme-jour-de-la-session-des-commissions-du-parlement-europeen-des-lyceens\/","title":{"rendered":"JOUR 2\u00a0&#8211; Deuxi\u00e8me Jour de la Session des Commissions du Parlement Europ\u00e9en des Lyc\u00e9ens"},"content":{"rendered":"\n<p>Lors du deuxi\u00e8me jour de la session, les diff\u00e9rents partis ont poursuivi leurs discussions sur des th\u00e9matiques cruciales au sein des cinq commissions. L&rsquo;objectif de ces d\u00e9bats \u00e9tait de proposer et voter des amendements pour les pr\u00e9senter lors de l&rsquo;assembl\u00e9e g\u00e9n\u00e9rale.<\/p>\n\n\n\n<p><strong>Commission 1 : Statut des R\u00e9fugi\u00e9s Climatiques<\/strong><\/p>\n\n\n\n<p>La commission 1 s&rsquo;est concentr\u00e9e sur la cr\u00e9ation d&rsquo;un statut pour les r\u00e9fugi\u00e9s climatiques. Cette question est devenue de plus en plus pressante avec l&rsquo;augmentation des d\u00e9placements de populations caus\u00e9s par les changements climatiques. Les d\u00e9l\u00e9gu\u00e9s ont propos\u00e9 plusieurs nouveaux amendements et modifications pour affiner leur approche et renforcer la protection des r\u00e9fugi\u00e9s climatiques.<\/p>\n\n\n\n<p><strong>Commission 2 : Politique Fiscale pour R\u00e9duire la Pauvret\u00e9<\/strong><\/p>\n\n\n\n<p>La commission 2 a d\u00e9battu des politiques fiscales visant \u00e0 r\u00e9duire la pauvret\u00e9 en Europe. Les discussions ont \u00e9t\u00e9 intenses et ont abouti \u00e0 la proposition de nouveaux amendements. Les d\u00e9l\u00e9gu\u00e9s ont examin\u00e9 divers m\u00e9canismes fiscaux pour all\u00e9ger la pauvret\u00e9 et stimuler l&rsquo;\u00e9conomie de mani\u00e8re \u00e9quitable.<\/p>\n\n\n\n<p><strong>Commission 3 : Am\u00e9lioration de la Situation Socio-\u00e9conomique des Femmes<\/strong><\/p>\n\n\n\n<p>La commission 3 s&rsquo;est pench\u00e9e sur l&rsquo;am\u00e9lioration de la situation socio\u00e9conomique des femmes en Afrique, en Asie et en Am\u00e9rique latine. Les d\u00e9l\u00e9gu\u00e9s ont propos\u00e9 des amendements visant \u00e0 renforcer les droits des femmes et \u00e0 promouvoir leur inclusion \u00e9conomique et sociale. Les discussions ont mis en lumi\u00e8re les d\u00e9fis sp\u00e9cifiques auxquels les femmes de ces r\u00e9gions sont confront\u00e9es et les solutions possibles.<\/p>\n\n\n\n<p><strong>Commission 4 : Sant\u00e9 Mentale des Jeunes Europ\u00e9ens<\/strong><\/p>\n\n\n\n<p>La commission 4 a poursuivi son travail sur la sant\u00e9 mentale des jeunes europ\u00e9ens. Ce th\u00e8me crucial a suscit\u00e9 de nombreuses propositions d&rsquo;amendements visant \u00e0 am\u00e9liorer les services de sant\u00e9 mentale et \u00e0 sensibiliser davantage \u00e0 cette probl\u00e9matique. Les d\u00e9l\u00e9gu\u00e9s ont cherch\u00e9 \u00e0 \u00e9laborer des strat\u00e9gies pour mieux soutenir les jeunes en d\u00e9tresse.<\/p>\n\n\n\n<p><strong>Commission 5 : D\u00e9ficit Commercial entre l\u2019UE et la Chine<\/strong><\/p>\n\n\n\n<p>La commission 5 s&rsquo;est focalis\u00e9e sur la r\u00e9duction du d\u00e9ficit commercial entre l&rsquo;Union europ\u00e9enne et la Chine. Les discussions ont abouti \u00e0 des propositions d&rsquo;amendements visant \u00e0 \u00e9quilibrer les \u00e9changes commerciaux et \u00e0 renforcer la comp\u00e9titivit\u00e9 europ\u00e9enne. Les d\u00e9l\u00e9gu\u00e9s ont examin\u00e9 diverses mesures pour promouvoir un commerce plus \u00e9quitable et durable. Finalement, au sein des cinq commissions, de nouveaux amendements ont \u00e9t\u00e9 propos\u00e9s et vot\u00e9s. Ces propositions seront pr\u00e9sent\u00e9es le jour m\u00eame lors de l&rsquo;assembl\u00e9e g\u00e9n\u00e9rale, marquant une \u00e9tape cruciale dans le processus d\u00e9cisionnel. Les discussions de ces deux premiers jours ont montr\u00e9 l&rsquo;engagement et la d\u00e9termination des d\u00e9l\u00e9gu\u00e9s \u00e0 aborder des probl\u00e9matiques mondiales complexes avec des solutions innovantes et collaboratives.<\/p>\n\n\n\n<p><em>Pour plus d\u2019informations, photos, interviews ou podcast retrouvez-nous sur le compte Instagram de la session : <a href=\"https:\/\/www.instagram.com\/fgeuroparl_bln\/\">@fgeuroparl_bln<\/a><\/em><\/p>\n\n\n\n<figure class=\"wp-block-gallery has-nested-images columns-default is-cropped wp-block-gallery-1 is-layout-flex wp-block-gallery-is-layout-flex\">\n<figure class=\"wp-block-image size-large\"><img loading=\"lazy\" decoding=\"async\" width=\"682\" height=\"1024\" data-id=\"35\" src=\"https:\/\/www.fg-berlin.eu\/blogs\/bep24\/wp-content\/uploads\/sites\/36\/2024\/06\/jour2_1-682x1024.jpg\" alt=\"\" class=\"wp-image-35\" srcset=\"https:\/\/www.fg-berlin.eu\/blogs\/bep24\/wp-content\/uploads\/sites\/36\/2024\/06\/jour2_1-682x1024.jpg 682w, https:\/\/www.fg-berlin.eu\/blogs\/bep24\/wp-content\/uploads\/sites\/36\/2024\/06\/jour2_1-200x300.jpg 200w, https:\/\/www.fg-berlin.eu\/blogs\/bep24\/wp-content\/uploads\/sites\/36\/2024\/06\/jour2_1-768x1152.jpg 768w, https:\/\/www.fg-berlin.eu\/blogs\/bep24\/wp-content\/uploads\/sites\/36\/2024\/06\/jour2_1.jpg 867w\" sizes=\"auto, (max-width: 682px) 100vw, 682px\" \/><\/figure>\n\n\n\n<figure class=\"wp-block-image size-large\"><img loading=\"lazy\" decoding=\"async\" width=\"1024\" height=\"683\" data-id=\"34\" src=\"https:\/\/www.fg-berlin.eu\/blogs\/bep24\/wp-content\/uploads\/sites\/36\/2024\/06\/jour2_2-1024x683.jpg\" alt=\"\" class=\"wp-image-34\" srcset=\"https:\/\/www.fg-berlin.eu\/blogs\/bep24\/wp-content\/uploads\/sites\/36\/2024\/06\/jour2_2-1024x683.jpg 1024w, https:\/\/www.fg-berlin.eu\/blogs\/bep24\/wp-content\/uploads\/sites\/36\/2024\/06\/jour2_2-300x200.jpg 300w, https:\/\/www.fg-berlin.eu\/blogs\/bep24\/wp-content\/uploads\/sites\/36\/2024\/06\/jour2_2-768x512.jpg 768w, https:\/\/www.fg-berlin.eu\/blogs\/bep24\/wp-content\/uploads\/sites\/36\/2024\/06\/jour2_2.jpg 1416w\" sizes=\"auto, (max-width: 1024px) 100vw, 1024px\" \/><\/figure>\n\n\n\n<figure class=\"wp-block-image size-large\"><img loading=\"lazy\" decoding=\"async\" width=\"1024\" height=\"683\" data-id=\"33\" src=\"https:\/\/www.fg-berlin.eu\/blogs\/bep24\/wp-content\/uploads\/sites\/36\/2024\/06\/jour2_3-1024x683.jpg\" alt=\"\" class=\"wp-image-33\" srcset=\"https:\/\/www.fg-berlin.eu\/blogs\/bep24\/wp-content\/uploads\/sites\/36\/2024\/06\/jour2_3-1024x683.jpg 1024w, https:\/\/www.fg-berlin.eu\/blogs\/bep24\/wp-content\/uploads\/sites\/36\/2024\/06\/jour2_3-300x200.jpg 300w, https:\/\/www.fg-berlin.eu\/blogs\/bep24\/wp-content\/uploads\/sites\/36\/2024\/06\/jour2_3-768x512.jpg 768w, https:\/\/www.fg-berlin.eu\/blogs\/bep24\/wp-content\/uploads\/sites\/36\/2024\/06\/jour2_3.jpg 1416w\" sizes=\"auto, (max-width: 1024px) 100vw, 1024px\" \/><\/figure>\n\n\n\n<figure class=\"wp-block-image size-large\"><img loading=\"lazy\" decoding=\"async\" width=\"1024\" height=\"683\" data-id=\"31\" src=\"https:\/\/www.fg-berlin.eu\/blogs\/bep24\/wp-content\/uploads\/sites\/36\/2024\/06\/jour2_4-1024x683.jpg\" alt=\"\" class=\"wp-image-31\" srcset=\"https:\/\/www.fg-berlin.eu\/blogs\/bep24\/wp-content\/uploads\/sites\/36\/2024\/06\/jour2_4-1024x683.jpg 1024w, https:\/\/www.fg-berlin.eu\/blogs\/bep24\/wp-content\/uploads\/sites\/36\/2024\/06\/jour2_4-300x200.jpg 300w, https:\/\/www.fg-berlin.eu\/blogs\/bep24\/wp-content\/uploads\/sites\/36\/2024\/06\/jour2_4-768x512.jpg 768w, https:\/\/www.fg-berlin.eu\/blogs\/bep24\/wp-content\/uploads\/sites\/36\/2024\/06\/jour2_4.jpg 1437w\" sizes=\"auto, (max-width: 1024px) 100vw, 1024px\" \/><\/figure>\n\n\n\n<figure class=\"wp-block-image size-large\"><img loading=\"lazy\" decoding=\"async\" width=\"677\" height=\"1016\" data-id=\"32\" src=\"https:\/\/www.fg-berlin.eu\/blogs\/bep24\/wp-content\/uploads\/sites\/36\/2024\/06\/jour2_5.jpg\" alt=\"\" class=\"wp-image-32\" srcset=\"https:\/\/www.fg-berlin.eu\/blogs\/bep24\/wp-content\/uploads\/sites\/36\/2024\/06\/jour2_5.jpg 677w, https:\/\/www.fg-berlin.eu\/blogs\/bep24\/wp-content\/uploads\/sites\/36\/2024\/06\/jour2_5-200x300.jpg 200w\" sizes=\"auto, (max-width: 677px) 100vw, 677px\" \/><\/figure>\n<\/figure>\n","protected":false},"excerpt":{"rendered":"<p>Lors du deuxi\u00e8me jour de la session, les diff\u00e9rents partis ont poursuivi leurs discussions sur des th\u00e9matiques cruciales au sein des cinq commissions. L&rsquo;objectif de ces d\u00e9bats \u00e9tait de proposer et voter des amendements pour les pr\u00e9senter lors de l&rsquo;assembl\u00e9e g\u00e9n\u00e9rale. Commission 1 : Statut des R\u00e9fugi\u00e9s Climatiques La commission 1 s&rsquo;est concentr\u00e9e sur la &hellip; <a href=\"https:\/\/www.fg-berlin.eu\/blogs\/bep24\/2024\/06\/24\/jour-2-deuxieme-jour-de-la-session-des-commissions-du-parlement-europeen-des-lyceens\/\" class=\"more-link\">Continuer la lecture de <span class=\"screen-reader-text\">JOUR 2\u00a0&#8211; Deuxi\u00e8me Jour de la Session des Commissions du Parlement Europ\u00e9en des Lyc\u00e9ens<\/span><\/a><\/p>\n","protected":false},"author":2,"featured_media":0,"comment_status":"open","ping_status":"open","sticky":false,"template":"","format":"standard","meta":{"footnotes":""},"categories":[1],"tags":[],"class_list":["post-30","post","type-post","status-publish","format-standard","hentry","category-non-classe"],"_links":{"self":[{"href":"https:\/\/www.fg-berlin.eu\/blogs\/bep24\/wp-json\/wp\/v2\/posts\/30","targetHints":{"allow":["GET"]}}],"collection":[{"href":"https:\/\/www.fg-berlin.eu\/blogs\/bep24\/wp-json\/wp\/v2\/posts"}],"about":[{"href":"https:\/\/www.fg-berlin.eu\/blogs\/bep24\/wp-json\/wp\/v2\/types\/post"}],"author":[{"embeddable":true,"href":"https:\/\/www.fg-berlin.eu\/blogs\/bep24\/wp-json\/wp\/v2\/users\/2"}],"replies":[{"embeddable":true,"href":"https:\/\/www.fg-berlin.eu\/blogs\/bep24\/wp-json\/wp\/v2\/comments?post=30"}],"version-history":[{"count":1,"href":"https:\/\/www.fg-berlin.eu\/blogs\/bep24\/wp-json\/wp\/v2\/posts\/30\/revisions"}],"predecessor-version":[{"id":36,"href":"https:\/\/www.fg-berlin.eu\/blogs\/bep24\/wp-json\/wp\/v2\/posts\/30\/revisions\/36"}],"wp:attachment":[{"href":"https:\/\/www.fg-berlin.eu\/blogs\/bep24\/wp-json\/wp\/v2\/media?parent=30"}],"wp:term":[{"taxonomy":"category","embeddable":true,"href":"https:\/\/www.fg-berlin.eu\/blogs\/bep24\/wp-json\/wp\/v2\/categories?post=30"},{"taxonomy":"post_tag","embeddable":true,"href":"https:\/\/www.fg-berlin.eu\/blogs\/bep24\/wp-json\/wp\/v2\/tags?post=30"}],"curies":[{"name":"wp","href":"https:\/\/api.w.org\/{rel}","templated":true}]}}