{"id":22,"date":"2024-05-07T20:00:00","date_gmt":"2024-05-07T18:00:00","guid":{"rendered":"https:\/\/www.fg-berlin.eu\/blogs\/bep24\/?p=22"},"modified":"2024-06-24T14:13:00","modified_gmt":"2024-06-24T12:13:00","slug":"jour-1-session-des-commissions-du-parlement-europeen-des-lyceens-un-debut-prometteur","status":"publish","type":"post","link":"https:\/\/www.fg-berlin.eu\/blogs\/bep24\/2024\/05\/07\/jour-1-session-des-commissions-du-parlement-europeen-des-lyceens-un-debut-prometteur\/","title":{"rendered":"JOUR 1  &#8211; Session des Commissions du Parlement Europ\u00e9en des Lyc\u00e9ens : Un D\u00e9but Prometteur"},"content":{"rendered":"\n<p><strong>Commission 1 :<\/strong> <strong>Un D\u00e9bat Intense sur le Conflit Isra\u00e9lo-Palestinien<\/strong><\/p>\n\n\n\n<p>Le premier jour, 36 d\u00e9l\u00e9gu\u00e9s de la commission 1 se sont pench\u00e9s sur des solutions efficaces pour r\u00e9soudre le conflit isra\u00e9lo-palestinien (AFET). Apr\u00e8s une discussion intense, o\u00f9 7 amendements ont \u00e9t\u00e9 rejet\u00e9s (dont 5 pr\u00e9sent\u00e9s par l&rsquo;ID), 16 articles ont \u00e9t\u00e9 vot\u00e9s en faveur des Palestiniens. Aujourd\u2019hui, le th\u00e8me de la commission DROI est la cr\u00e9ation d&rsquo;un statut pour les r\u00e9fugi\u00e9s climatiques. Mathilde Le Blanc, pr\u00e9sidente de la commission, promet un d\u00e9bat encore plus dynamique et interactif que celui d\u2019hier.<\/p>\n\n\n\n<p><strong>Commission 2 : Transition Verte en Afrique<\/strong><\/p>\n\n\n\n<p>Les 37 d\u00e9l\u00e9gu\u00e9s de la commission 2 ont consacr\u00e9 leur temps \u00e0 d\u00e9battre de la transition verte en Afrique. Malgr\u00e9 quelques d\u00e9fis rencontr\u00e9s par les non-inscrits, la premi\u00e8re journ\u00e9e a vu l&rsquo;adoption de 7 amendements, principalement sugg\u00e9r\u00e9s par les repr\u00e9sentants de la gauche. Lors du vote final, une large majorit\u00e9 de la commission s&rsquo;est prononc\u00e9e en faveur des changements propos\u00e9s. Nous sommes impatients de recevoir les retours du deuxi\u00e8me jour, qui sera consacr\u00e9 au th\u00e8me de la pauvret\u00e9 en Europe.<\/p>\n\n\n\n<p><strong>Commission 3 : R\u00e9duction du Transport A\u00e9rien dans l&rsquo;UE<\/strong><\/p>\n\n\n\n<p>La commission 3 a d\u00e9but\u00e9 ses travaux avec le th\u00e8me TRAN, en discutant de la r\u00e9duction du transport a\u00e9rien dans l&rsquo;UE. Les principaux d\u00e9fis abord\u00e9s concernaient la croissance \u00e9conomique et la mobilit\u00e9 des citoyens. La droite (ID) a exprim\u00e9 que le changement climatique ne devrait pas \u00eatre une priorit\u00e9 et n\u2019a pas vu la n\u00e9cessit\u00e9 de restreindre le transport a\u00e9rien. Les partis de gauche (GUE) et les Verts, en revanche, ont jug\u00e9 les propositions insuffisantes, consid\u00e9rant que le respect de l&rsquo;accord de Paris est un point de d\u00e9part, mais non une finalit\u00e9. Finalement, les diff\u00e9rents partis ont convenu de soutenir le d\u00e9veloppement et la promotion des syst\u00e8mes ferroviaires nationaux et transeurop\u00e9ens.<\/p>\n\n\n\n<p><strong>Commission 4 : Progr\u00e8s en Agriculture<\/strong><\/p>\n\n\n\n<p>La conf\u00e9rence d\u2019hier de la commission 4, compos\u00e9e de 36 d\u00e9l\u00e9gu\u00e9s, a commenc\u00e9 de mani\u00e8re chaotique mais s&rsquo;est termin\u00e9e sur une note tr\u00e8s positive. Le th\u00e8me du jour \u00e9tait l\u2019agriculture, et des progr\u00e8s significatifs ont \u00e9t\u00e9 r\u00e9alis\u00e9s. Cinq amendements ont \u00e9t\u00e9 propos\u00e9s et vot\u00e9s avec succ\u00e8s pour cinq articles diff\u00e9rents, d\u00e9montrant l&rsquo;engagement des d\u00e9l\u00e9gu\u00e9s \u00e0 affiner les discussions. Finalement, l\u2019Agenda Journalier (DLA) a \u00e9t\u00e9 adopt\u00e9 par une majorit\u00e9, signalant un fort consensus parmi les participants. Aujourd\u2019hui, les d\u00e9l\u00e9gu\u00e9s se concentreront sur une discussion cruciale concernant la sant\u00e9 mentale des jeunes europ\u00e9ens.<\/p>\n\n\n\n<p><strong>Commission 5 : Gestion Durable des Ressources en Eau<\/strong><\/p>\n\n\n\n<p>La commission 5 s\u2019est concentr\u00e9e sur la gestion durable, notamment des ressources en eau dans l\u2019agriculture. Lors de la s\u00e9ance d\u2019hier, les d\u00e9put\u00e9s du groupe des Conservateurs et R\u00e9formistes europ\u00e9ens (ECR) ont rencontr\u00e9 des difficult\u00e9s avec les votes. Au total, cinq amendements ont \u00e9t\u00e9 adopt\u00e9s, dont deux provenant du Parti Populaire Europ\u00e9en (PPE), ainsi qu&rsquo;un chacun pour les Verts et le Parti SocialD\u00e9mocrate (SD). Apr\u00e8s des discussions intenses et des compromis, les diff\u00e9rents partis se sont mis d&rsquo;accord pour faire avancer les votes.<\/p>\n\n\n\n<figure class=\"wp-block-gallery has-nested-images columns-default is-cropped wp-block-gallery-1 is-layout-flex wp-block-gallery-is-layout-flex\">\n<figure class=\"wp-block-image size-large\"><img loading=\"lazy\" decoding=\"async\" width=\"1024\" height=\"682\" data-id=\"24\" src=\"https:\/\/www.fg-berlin.eu\/blogs\/bep24\/wp-content\/uploads\/sites\/36\/2024\/06\/jour1_1-1024x682.jpg\" alt=\"\" class=\"wp-image-24\" srcset=\"https:\/\/www.fg-berlin.eu\/blogs\/bep24\/wp-content\/uploads\/sites\/36\/2024\/06\/jour1_1-1024x682.jpg 1024w, https:\/\/www.fg-berlin.eu\/blogs\/bep24\/wp-content\/uploads\/sites\/36\/2024\/06\/jour1_1-300x200.jpg 300w, https:\/\/www.fg-berlin.eu\/blogs\/bep24\/wp-content\/uploads\/sites\/36\/2024\/06\/jour1_1-768x512.jpg 768w, https:\/\/www.fg-berlin.eu\/blogs\/bep24\/wp-content\/uploads\/sites\/36\/2024\/06\/jour1_1.jpg 1393w\" sizes=\"auto, (max-width: 1024px) 100vw, 1024px\" \/><\/figure>\n\n\n\n<figure class=\"wp-block-image size-large\"><img loading=\"lazy\" decoding=\"async\" width=\"1024\" height=\"683\" data-id=\"25\" src=\"https:\/\/www.fg-berlin.eu\/blogs\/bep24\/wp-content\/uploads\/sites\/36\/2024\/06\/jour1_2-1024x683.jpg\" alt=\"\" class=\"wp-image-25\" srcset=\"https:\/\/www.fg-berlin.eu\/blogs\/bep24\/wp-content\/uploads\/sites\/36\/2024\/06\/jour1_2-1024x683.jpg 1024w, https:\/\/www.fg-berlin.eu\/blogs\/bep24\/wp-content\/uploads\/sites\/36\/2024\/06\/jour1_2-300x200.jpg 300w, https:\/\/www.fg-berlin.eu\/blogs\/bep24\/wp-content\/uploads\/sites\/36\/2024\/06\/jour1_2-768x512.jpg 768w, https:\/\/www.fg-berlin.eu\/blogs\/bep24\/wp-content\/uploads\/sites\/36\/2024\/06\/jour1_2.jpg 1405w\" sizes=\"auto, (max-width: 1024px) 100vw, 1024px\" \/><\/figure>\n\n\n\n<figure class=\"wp-block-image size-large\"><img loading=\"lazy\" decoding=\"async\" width=\"683\" height=\"1024\" data-id=\"26\" src=\"https:\/\/www.fg-berlin.eu\/blogs\/bep24\/wp-content\/uploads\/sites\/36\/2024\/06\/jour1_3-683x1024.jpg\" alt=\"\" class=\"wp-image-26\" srcset=\"https:\/\/www.fg-berlin.eu\/blogs\/bep24\/wp-content\/uploads\/sites\/36\/2024\/06\/jour1_3-683x1024.jpg 683w, https:\/\/www.fg-berlin.eu\/blogs\/bep24\/wp-content\/uploads\/sites\/36\/2024\/06\/jour1_3-200x300.jpg 200w, https:\/\/www.fg-berlin.eu\/blogs\/bep24\/wp-content\/uploads\/sites\/36\/2024\/06\/jour1_3-768x1152.jpg 768w, https:\/\/www.fg-berlin.eu\/blogs\/bep24\/wp-content\/uploads\/sites\/36\/2024\/06\/jour1_3-1024x1536.jpg 1024w, https:\/\/www.fg-berlin.eu\/blogs\/bep24\/wp-content\/uploads\/sites\/36\/2024\/06\/jour1_3.jpg 1315w\" sizes=\"auto, (max-width: 683px) 100vw, 683px\" \/><\/figure>\n\n\n\n<figure class=\"wp-block-image size-large\"><img loading=\"lazy\" decoding=\"async\" width=\"1024\" height=\"576\" data-id=\"27\" src=\"https:\/\/www.fg-berlin.eu\/blogs\/bep24\/wp-content\/uploads\/sites\/36\/2024\/06\/jour1_4-1024x576.jpg\" alt=\"\" class=\"wp-image-27\" srcset=\"https:\/\/www.fg-berlin.eu\/blogs\/bep24\/wp-content\/uploads\/sites\/36\/2024\/06\/jour1_4-1024x576.jpg 1024w, https:\/\/www.fg-berlin.eu\/blogs\/bep24\/wp-content\/uploads\/sites\/36\/2024\/06\/jour1_4-300x169.jpg 300w, https:\/\/www.fg-berlin.eu\/blogs\/bep24\/wp-content\/uploads\/sites\/36\/2024\/06\/jour1_4-768x432.jpg 768w, https:\/\/www.fg-berlin.eu\/blogs\/bep24\/wp-content\/uploads\/sites\/36\/2024\/06\/jour1_4.jpg 1449w\" sizes=\"auto, (max-width: 1024px) 100vw, 1024px\" \/><\/figure>\n\n\n\n<figure class=\"wp-block-image size-large\"><img loading=\"lazy\" decoding=\"async\" width=\"1024\" height=\"683\" data-id=\"28\" src=\"https:\/\/www.fg-berlin.eu\/blogs\/bep24\/wp-content\/uploads\/sites\/36\/2024\/06\/jour1_5-1024x683.jpg\" alt=\"\" class=\"wp-image-28\" srcset=\"https:\/\/www.fg-berlin.eu\/blogs\/bep24\/wp-content\/uploads\/sites\/36\/2024\/06\/jour1_5-1024x683.jpg 1024w, https:\/\/www.fg-berlin.eu\/blogs\/bep24\/wp-content\/uploads\/sites\/36\/2024\/06\/jour1_5-300x200.jpg 300w, https:\/\/www.fg-berlin.eu\/blogs\/bep24\/wp-content\/uploads\/sites\/36\/2024\/06\/jour1_5-768x512.jpg 768w, https:\/\/www.fg-berlin.eu\/blogs\/bep24\/wp-content\/uploads\/sites\/36\/2024\/06\/jour1_5.jpg 1452w\" sizes=\"auto, (max-width: 1024px) 100vw, 1024px\" \/><\/figure>\n<\/figure>\n","protected":false},"excerpt":{"rendered":"<p>Commission 1 : Un D\u00e9bat Intense sur le Conflit Isra\u00e9lo-Palestinien Le premier jour, 36 d\u00e9l\u00e9gu\u00e9s de la commission 1 se sont pench\u00e9s sur des solutions efficaces pour r\u00e9soudre le conflit isra\u00e9lo-palestinien (AFET). Apr\u00e8s une discussion intense, o\u00f9 7 amendements ont \u00e9t\u00e9 rejet\u00e9s (dont 5 pr\u00e9sent\u00e9s par l&rsquo;ID), 16 articles ont \u00e9t\u00e9 vot\u00e9s en faveur des &hellip; <a href=\"https:\/\/www.fg-berlin.eu\/blogs\/bep24\/2024\/05\/07\/jour-1-session-des-commissions-du-parlement-europeen-des-lyceens-un-debut-prometteur\/\" class=\"more-link\">Continuer la lecture de <span class=\"screen-reader-text\">JOUR 1  &#8211; Session des Commissions du Parlement Europ\u00e9en des Lyc\u00e9ens : Un D\u00e9but Prometteur<\/span><\/a><\/p>\n","protected":false},"author":2,"featured_media":0,"comment_status":"open","ping_status":"open","sticky":false,"template":"","format":"standard","meta":{"footnotes":""},"categories":[1],"tags":[],"class_list":["post-22","post","type-post","status-publish","format-standard","hentry","category-non-classe"],"_links":{"self":[{"href":"https:\/\/www.fg-berlin.eu\/blogs\/bep24\/wp-json\/wp\/v2\/posts\/22","targetHints":{"allow":["GET"]}}],"collection":[{"href":"https:\/\/www.fg-berlin.eu\/blogs\/bep24\/wp-json\/wp\/v2\/posts"}],"about":[{"href":"https:\/\/www.fg-berlin.eu\/blogs\/bep24\/wp-json\/wp\/v2\/types\/post"}],"author":[{"embeddable":true,"href":"https:\/\/www.fg-berlin.eu\/blogs\/bep24\/wp-json\/wp\/v2\/users\/2"}],"replies":[{"embeddable":true,"href":"https:\/\/www.fg-berlin.eu\/blogs\/bep24\/wp-json\/wp\/v2\/comments?post=22"}],"version-history":[{"count":1,"href":"https:\/\/www.fg-berlin.eu\/blogs\/bep24\/wp-json\/wp\/v2\/posts\/22\/revisions"}],"predecessor-version":[{"id":29,"href":"https:\/\/www.fg-berlin.eu\/blogs\/bep24\/wp-json\/wp\/v2\/posts\/22\/revisions\/29"}],"wp:attachment":[{"href":"https:\/\/www.fg-berlin.eu\/blogs\/bep24\/wp-json\/wp\/v2\/media?parent=22"}],"wp:term":[{"taxonomy":"category","embeddable":true,"href":"https:\/\/www.fg-berlin.eu\/blogs\/bep24\/wp-json\/wp\/v2\/categories?post=22"},{"taxonomy":"post_tag","embeddable":true,"href":"https:\/\/www.fg-berlin.eu\/blogs\/bep24\/wp-json\/wp\/v2\/tags?post=22"}],"curies":[{"name":"wp","href":"https:\/\/api.w.org\/{rel}","templated":true}]}}