{"id":20,"date":"2024-05-06T20:00:00","date_gmt":"2024-05-06T18:00:00","guid":{"rendered":"https:\/\/www.fg-berlin.eu\/blogs\/bep24\/?p=20"},"modified":"2024-06-24T10:23:39","modified_gmt":"2024-06-24T08:23:39","slug":"quest-ce-que-le-parlement-europeen","status":"publish","type":"post","link":"https:\/\/www.fg-berlin.eu\/blogs\/bep24\/2024\/05\/06\/quest-ce-que-le-parlement-europeen\/","title":{"rendered":"Qu\u2019est-ce que le Parlement Europ\u00e9en ?"},"content":{"rendered":"\n<p>Aujourd\u2019hui <strong>le 6 mai 2024,<\/strong> d\u00e9bute la simulation du parlement europ\u00e9en qui prend lieu au lyc\u00e9e fran\u00e7ais de Berlin. Plus de 200 \u00e9l\u00e8ves de diff\u00e9rents lyc\u00e9es d\u2019Europe participent \u00e0 ce projet \u00e0 la fois politique et p\u00e9dagogique. Il n\u2019y a pas meilleur moment que maintenant pour organiser la BEP\u201924 car pour la premi\u00e8re fois en Allemagne les jeunes de 16 ans peuvent voter pour les \u00e9lections europ\u00e9ennes qui auront lieu le 9 Juin. Pour accueillir les \u00e9l\u00e8ves : une c\u00e9r\u00e9monie d\u2019ouverture s\u2019oblige en commen\u00e7ant par une performance de l\u2019hymne europ\u00e9enne par des \u00e9l\u00e8ves de sixi\u00e8me. Les discours \u00e9taient nombreux : du proviseur du lyc\u00e9e fran\u00e7ais de Berlin, de la proviseure adjointe, du ministre-conseiller de l\u2019ambassade de France Emmanuel Cohet et de la d\u00e9put\u00e9e du parlement europ\u00e9en Hildegard Bentele. Celle-ci a d\u2019ailleurs gentiment invit\u00e9 l\u2019\u00e9l\u00e8ve la repr\u00e9sentant dans cette simulation \u00e0 visiter les institutions europ\u00e9ennes. Invitation que M. Cornu n\u2019a pas refus\u00e9e. C\u2019\u00e9tait maintenant aux jeunes de s\u2019exprimer en commen\u00e7ant pas les organisatrices : \u00e9l\u00e8ves de terminale au lyc\u00e9e fran\u00e7ais de Berlin Celena Tarabay et Philine Hastenteufel. Elles nous ont rappeler que le but de ce projet est de sensibiliser les \u00e9l\u00e8ves \u00e0 la politique de l\u2019UE et de les informer le plus possible. Elles ont mentionn\u00e9 le fait que la participation des jeunes dans la politique est faible, au moins 45% d\u2019abstention car la structure \u00e9lectorale est construite de mani\u00e8re \u00e0 les d\u00e9courager. Apr\u00e8s cela les chefs des diff\u00e9rents partis politiques ont prononc\u00e9 un discours chacun pour promouvoir leurs partis respectifs.<\/p>\n\n\n\n<p><strong>Comment s\u2019organise le Parlement Europ\u00e9en ?<\/strong><\/p>\n\n\n\n<p>Chaque \u00e9l\u00e8ve repr\u00e9sente un\/une d\u00e9put\u00e9\/d\u00e9put\u00e9e d\u2019un parti politique ou d\u2019un mouvement sp\u00e9cifique. Les \u00ab d\u00e9put\u00e9s.\u00e9es \u00bb sont regroup\u00e9s dans 5 commissions, ces commissions discuteront de deux th\u00e8mes diff\u00e9rents chacune. Pour chaque th\u00e8me il y a un repr\u00e9sentant. La premi\u00e8re commission se d\u00e9roule en anglais et aborde les sujets suivants : la position de l\u2019Union Europ\u00e9enne dans le conflit isra\u00e9lo-palestinien et la cr\u00e9ation d\u2019un statut, \u00e0 tous les niveaux, des r\u00e9fugi\u00e9s climatiques La seconde commission se d\u00e9roule en fran\u00e7ais et abordera les th\u00e8mes suivants : le besoin \u00e9nerg\u00e9tique en Afrique\/Transition verte et comment r\u00e9duire la pauvret\u00e9 en Europe (Quelle politique fiscale faudrait-il utilis\u00e9e). La troisi\u00e8me commission est en allemand et d\u00e9battra sur le moyen d\u2019am\u00e9liorer la situation socio\u00e9conomique des femmes en Afrique de l\u2019Ouest, Am\u00e9rique latine et Asie ainsi que la r\u00e9duction du transport a\u00e9rien au sein de l\u2019Union Europ\u00e9enne. La quatri\u00e8me commission discute en anglais et remet en question la mani\u00e8re de combattre le d\u00e9peuplement des zones agricoles ainsi que la strat\u00e9gie d\u2019am\u00e9lioration la sant\u00e9 mentale des jeunes. Enfin la cinqui\u00e8me commission est en fran\u00e7ais explore la gestion durable des ressources en eau dans l\u2019agriculture et comment r\u00e9sorber le d\u00e9ficit commercial entre l\u2019Union Europ\u00e9enne et la Chine. Le but \u00e9tant \u00e0 la fin d\u2019avoir une proposition de loi concr\u00e8te, en r\u00e9sultat aux divers d\u00e9buts ayant eu lieu.<\/p>\n","protected":false},"excerpt":{"rendered":"<p>Aujourd\u2019hui le 6 mai 2024, d\u00e9bute la simulation du parlement europ\u00e9en qui prend lieu au lyc\u00e9e fran\u00e7ais de Berlin. Plus de 200 \u00e9l\u00e8ves de diff\u00e9rents lyc\u00e9es d\u2019Europe participent \u00e0 ce projet \u00e0 la fois politique et p\u00e9dagogique. Il n\u2019y a pas meilleur moment que maintenant pour organiser la BEP\u201924 car pour la premi\u00e8re fois en &hellip; <a href=\"https:\/\/www.fg-berlin.eu\/blogs\/bep24\/2024\/05\/06\/quest-ce-que-le-parlement-europeen\/\" class=\"more-link\">Continuer la lecture de <span class=\"screen-reader-text\">Qu\u2019est-ce que le Parlement Europ\u00e9en ?<\/span><\/a><\/p>\n","protected":false},"author":2,"featured_media":0,"comment_status":"open","ping_status":"open","sticky":false,"template":"","format":"standard","meta":{"footnotes":""},"categories":[1],"tags":[],"class_list":["post-20","post","type-post","status-publish","format-standard","hentry","category-non-classe"],"_links":{"self":[{"href":"https:\/\/www.fg-berlin.eu\/blogs\/bep24\/wp-json\/wp\/v2\/posts\/20","targetHints":{"allow":["GET"]}}],"collection":[{"href":"https:\/\/www.fg-berlin.eu\/blogs\/bep24\/wp-json\/wp\/v2\/posts"}],"about":[{"href":"https:\/\/www.fg-berlin.eu\/blogs\/bep24\/wp-json\/wp\/v2\/types\/post"}],"author":[{"embeddable":true,"href":"https:\/\/www.fg-berlin.eu\/blogs\/bep24\/wp-json\/wp\/v2\/users\/2"}],"replies":[{"embeddable":true,"href":"https:\/\/www.fg-berlin.eu\/blogs\/bep24\/wp-json\/wp\/v2\/comments?post=20"}],"version-history":[{"count":1,"href":"https:\/\/www.fg-berlin.eu\/blogs\/bep24\/wp-json\/wp\/v2\/posts\/20\/revisions"}],"predecessor-version":[{"id":21,"href":"https:\/\/www.fg-berlin.eu\/blogs\/bep24\/wp-json\/wp\/v2\/posts\/20\/revisions\/21"}],"wp:attachment":[{"href":"https:\/\/www.fg-berlin.eu\/blogs\/bep24\/wp-json\/wp\/v2\/media?parent=20"}],"wp:term":[{"taxonomy":"category","embeddable":true,"href":"https:\/\/www.fg-berlin.eu\/blogs\/bep24\/wp-json\/wp\/v2\/categories?post=20"},{"taxonomy":"post_tag","embeddable":true,"href":"https:\/\/www.fg-berlin.eu\/blogs\/bep24\/wp-json\/wp\/v2\/tags?post=20"}],"curies":[{"name":"wp","href":"https:\/\/api.w.org\/{rel}","templated":true}]}}