{"id":18,"date":"2020-03-08T22:21:48","date_gmt":"2020-03-08T21:21:48","guid":{"rendered":"http:\/\/www.fg-berlin.eu\/blogs\/athenes2019\/?p=18"},"modified":"2020-03-08T22:21:48","modified_gmt":"2020-03-08T21:21:48","slug":"visite-du-musee-national-dathenes","status":"publish","type":"post","link":"https:\/\/www.fg-berlin.eu\/blogs\/athenes2019\/2020\/03\/08\/visite-du-musee-national-dathenes\/","title":{"rendered":"Visite du Mus\u00e9e national d&rsquo;Ath\u00e8nes"},"content":{"rendered":"\n<p>Pour ce dernier jour nous sommes all\u00e9s au Mus\u00e9e National d\u2019Ath\u00e8nes (\u0395\u03b8\u03bd\u03b9\u03ba\u03cc \u0391\u03c1\u03c7\u03b1\u03b9\u03bf\u03bb\u03bf\u03b3\u03b9\u03ba\u03cc \u039c\u03bf\u03c5\u03c3\u03b5\u03af\u03bf) o\u00f9 nous sommes rest\u00e9s pas moins de 3 \u00e0 4 heures\u00a0! Toujours accompagn\u00e9s de Monsieur Jacques et de ses explications, nous avons visit\u00e9 la salle myc\u00e9nienne, la salle des sculptures, une salle consacr\u00e9e \u00e0 Santorin (une ville qui tout comme Pompe\u00ef a \u00e9t\u00e9 ensevelie sous les cendres \u00e0 la suite d\u2019une \u00e9ruption volcanique), fait un petit d\u00e9tour par la salle des bronzes et \u00e9vit\u00e9s la salle des c\u00e9ramiques pour ne pas d\u00e9c\u00e9der d\u2019une overdose.        Pour commencer nous sommes all\u00e9s dans la salle myc\u00e9nienne o\u00f9 nous avons pu admirer la pi\u00e8ce la plus connue du mus\u00e9e\u00a0: le masque d\u2019Agamemnon (roi de Myc\u00e8nes et h\u00e9ros grec ayant notamment combattu pendant la guerre de Troie) faisant partie des cinq masques fun\u00e9raires en or retrouv\u00e9s \u00e0 Myc\u00e8nes. Ces objets sont uniques dans l\u2019Antiquit\u00e9 grecque. Pour l\u2019anecdote, il ne s\u2019agirait m\u00eame pas d\u2019Agamemnon qui est repr\u00e9sent\u00e9. Dans cette m\u00eame salle on trouve une grande quanti\u00e9 de vaisselle, de bijoux, d\u2019armes et de t\u00eates d\u2019animaux en or ou plaqu\u00e9s or, provenant toujours de Myc\u00e8nes, mais aussi\u2026 un vase en \u0153uf d\u2019autruche\u00a0!    Puis, dans la salle des sculptures nous avons pu observer l\u2019\u00e9volution des sculptures grecques. Avant d\u2019arriver \u00e0 celles qu\u2019on connait il y a eu du chemin\u00a0! En effet les premi\u00e8res n\u2019\u00e9taient pas tr\u00e8s bien proportionn\u00e9es, par exemple le tour de taille des Kouroi (sculpture  repr\u00e9sentant un jeune homme) \u00e9tait trop fin par rapport au reste du corps, et encore assez grossi\u00e8res, les abdominaux des Kouroi \u00e9taient par exemple repr\u00e9sent\u00e9s par trois traits coup\u00e9s en deux par un quatri\u00e8me. Nous avons \u00e9galement contempl\u00e9 une imposante statue de Zeus (ou de Pos\u00e9idon le d\u00e9bat est ouvert). Ce qui fait son exceptionnalit\u00e9 c\u2019est sa raret\u00e9. En effet le bronze \u00e9tait souvent recoul\u00e9 pour fabriquer d\u2019autres objets, ce n\u2019est pas le cas de cette statue car elle a \u00e9t\u00e9 retrouv\u00e9e dans une \u00e9pave (c\u2019est souvent le cas pour les statues ou objets en bronze), ce qui fait une parfaite transition pour parler de la salle des bronzes\u00a0!    Dans cette derni\u00e8re nous nous sommes juste arr\u00eat\u00e9s sur une vitrine expliquant comment le bronze \u00e9tait coul\u00e9, soit en fonte pleine ou en fonte creuse.    Nous avons fini par la salle consacr\u00e9e \u00e0 Santorin, lieu d&rsquo;une \u00e9ruption volcanique, bref la Pomp\u00e9i de Gr\u00e8ce. Ici nous avons notamment pu voir les vestiges d\u2019un lit et trois magnifiques fresques color\u00e9es, l\u2019une symbolisant la nature, les deux autres repr\u00e9sentant respectivement des antilopes et deux jeunes boxeurs, dont la position de leurs bras fait d\u00e9bat\u00a0!    \u00c0 la fin de cette visite nous avions les pieds en compote et nous sommes all\u00e9s prendre notre dernier repas grec. Puis le temps de faire quelque derniers souvenirs et d\u2019emballer nos derni\u00e8res affaires c\u2019\u00e9tait d\u00e9j\u00e0 le moment d\u2019aller \u00e0 l\u2019a\u00e9roport\u00a0!     <\/p>\n\n\n\n<figure class=\"wp-block-image size-large\"><img loading=\"lazy\" decoding=\"async\" width=\"1024\" height=\"768\" src=\"https:\/\/www.fg-berlin.eu\/blogs\/athenes2019\/wp-content\/uploads\/sites\/30\/2020\/03\/20191007_094027-1024x768.jpg\" alt=\"\" class=\"wp-image-69\" srcset=\"https:\/\/www.fg-berlin.eu\/blogs\/athenes2019\/wp-content\/uploads\/sites\/30\/2020\/03\/20191007_094027-1024x768.jpg 1024w, https:\/\/www.fg-berlin.eu\/blogs\/athenes2019\/wp-content\/uploads\/sites\/30\/2020\/03\/20191007_094027-300x225.jpg 300w, https:\/\/www.fg-berlin.eu\/blogs\/athenes2019\/wp-content\/uploads\/sites\/30\/2020\/03\/20191007_094027-768x576.jpg 768w, https:\/\/www.fg-berlin.eu\/blogs\/athenes2019\/wp-content\/uploads\/sites\/30\/2020\/03\/20191007_094027-1536x1152.jpg 1536w, https:\/\/www.fg-berlin.eu\/blogs\/athenes2019\/wp-content\/uploads\/sites\/30\/2020\/03\/20191007_094027-2048x1536.jpg 2048w, https:\/\/www.fg-berlin.eu\/blogs\/athenes2019\/wp-content\/uploads\/sites\/30\/2020\/03\/20191007_094027-1200x900.jpg 1200w, https:\/\/www.fg-berlin.eu\/blogs\/athenes2019\/wp-content\/uploads\/sites\/30\/2020\/03\/20191007_094027-1980x1485.jpg 1980w\" sizes=\"auto, (max-width: 1024px) 100vw, 1024px\" \/><\/figure>\n\n\n\n<figure class=\"wp-block-image size-large\"><img loading=\"lazy\" decoding=\"async\" width=\"768\" height=\"1024\" src=\"https:\/\/www.fg-berlin.eu\/blogs\/athenes2019\/wp-content\/uploads\/sites\/30\/2020\/03\/20191007_100101-768x1024.jpg\" alt=\"\" class=\"wp-image-70\" srcset=\"https:\/\/www.fg-berlin.eu\/blogs\/athenes2019\/wp-content\/uploads\/sites\/30\/2020\/03\/20191007_100101-768x1024.jpg 768w, https:\/\/www.fg-berlin.eu\/blogs\/athenes2019\/wp-content\/uploads\/sites\/30\/2020\/03\/20191007_100101-225x300.jpg 225w, https:\/\/www.fg-berlin.eu\/blogs\/athenes2019\/wp-content\/uploads\/sites\/30\/2020\/03\/20191007_100101-1152x1536.jpg 1152w, https:\/\/www.fg-berlin.eu\/blogs\/athenes2019\/wp-content\/uploads\/sites\/30\/2020\/03\/20191007_100101-1536x2048.jpg 1536w, https:\/\/www.fg-berlin.eu\/blogs\/athenes2019\/wp-content\/uploads\/sites\/30\/2020\/03\/20191007_100101-1200x1600.jpg 1200w, https:\/\/www.fg-berlin.eu\/blogs\/athenes2019\/wp-content\/uploads\/sites\/30\/2020\/03\/20191007_100101-1980x2640.jpg 1980w, https:\/\/www.fg-berlin.eu\/blogs\/athenes2019\/wp-content\/uploads\/sites\/30\/2020\/03\/20191007_100101-scaled.jpg 1920w\" sizes=\"auto, (max-width: 768px) 100vw, 768px\" \/><figcaption>le c\u00e9l\u00e8bre masque appel\u00e9 masque d&rsquo;Agamemnon, trouv\u00e9 pas Schliemann \u00e0 Myc\u00e8nes.<br><\/figcaption><\/figure>\n\n\n\n<figure class=\"wp-block-image size-large\"><img loading=\"lazy\" decoding=\"async\" width=\"768\" height=\"1024\" src=\"https:\/\/www.fg-berlin.eu\/blogs\/athenes2019\/wp-content\/uploads\/sites\/30\/2020\/03\/20191007_101936-768x1024.jpg\" alt=\"\" class=\"wp-image-71\" srcset=\"https:\/\/www.fg-berlin.eu\/blogs\/athenes2019\/wp-content\/uploads\/sites\/30\/2020\/03\/20191007_101936-768x1024.jpg 768w, https:\/\/www.fg-berlin.eu\/blogs\/athenes2019\/wp-content\/uploads\/sites\/30\/2020\/03\/20191007_101936-225x300.jpg 225w, https:\/\/www.fg-berlin.eu\/blogs\/athenes2019\/wp-content\/uploads\/sites\/30\/2020\/03\/20191007_101936-1152x1536.jpg 1152w, https:\/\/www.fg-berlin.eu\/blogs\/athenes2019\/wp-content\/uploads\/sites\/30\/2020\/03\/20191007_101936-1536x2048.jpg 1536w, https:\/\/www.fg-berlin.eu\/blogs\/athenes2019\/wp-content\/uploads\/sites\/30\/2020\/03\/20191007_101936-1200x1600.jpg 1200w, https:\/\/www.fg-berlin.eu\/blogs\/athenes2019\/wp-content\/uploads\/sites\/30\/2020\/03\/20191007_101936-1980x2640.jpg 1980w, https:\/\/www.fg-berlin.eu\/blogs\/athenes2019\/wp-content\/uploads\/sites\/30\/2020\/03\/20191007_101936-scaled.jpg 1920w\" sizes=\"auto, (max-width: 768px) 100vw, 768px\" \/><\/figure>\n","protected":false},"excerpt":{"rendered":"<p>Pour ce dernier jour nous sommes all\u00e9s au Mus\u00e9e National d\u2019Ath\u00e8nes (\u0395\u03b8\u03bd\u03b9\u03ba\u03cc \u0391\u03c1\u03c7\u03b1\u03b9\u03bf\u03bb\u03bf\u03b3\u03b9\u03ba\u03cc \u039c\u03bf\u03c5\u03c3\u03b5\u03af\u03bf) o\u00f9 nous sommes rest\u00e9s pas moins de 3 \u00e0 4 heures\u00a0! Toujours accompagn\u00e9s de Monsieur Jacques et de ses explications, nous avons visit\u00e9 la salle myc\u00e9nienne, la salle des sculptures, une salle consacr\u00e9e \u00e0 Santorin (une ville qui tout comme Pompe\u00ef [&hellip;]<\/p>\n","protected":false},"author":579,"featured_media":0,"comment_status":"open","ping_status":"open","sticky":false,"template":"","format":"standard","meta":{"footnotes":""},"categories":[1],"tags":[],"class_list":["post-18","post","type-post","status-publish","format-standard","hentry","category-non-classe"],"_links":{"self":[{"href":"https:\/\/www.fg-berlin.eu\/blogs\/athenes2019\/wp-json\/wp\/v2\/posts\/18","targetHints":{"allow":["GET"]}}],"collection":[{"href":"https:\/\/www.fg-berlin.eu\/blogs\/athenes2019\/wp-json\/wp\/v2\/posts"}],"about":[{"href":"https:\/\/www.fg-berlin.eu\/blogs\/athenes2019\/wp-json\/wp\/v2\/types\/post"}],"author":[{"embeddable":true,"href":"https:\/\/www.fg-berlin.eu\/blogs\/athenes2019\/wp-json\/wp\/v2\/users\/579"}],"replies":[{"embeddable":true,"href":"https:\/\/www.fg-berlin.eu\/blogs\/athenes2019\/wp-json\/wp\/v2\/comments?post=18"}],"version-history":[{"count":2,"href":"https:\/\/www.fg-berlin.eu\/blogs\/athenes2019\/wp-json\/wp\/v2\/posts\/18\/revisions"}],"predecessor-version":[{"id":72,"href":"https:\/\/www.fg-berlin.eu\/blogs\/athenes2019\/wp-json\/wp\/v2\/posts\/18\/revisions\/72"}],"wp:attachment":[{"href":"https:\/\/www.fg-berlin.eu\/blogs\/athenes2019\/wp-json\/wp\/v2\/media?parent=18"}],"wp:term":[{"taxonomy":"category","embeddable":true,"href":"https:\/\/www.fg-berlin.eu\/blogs\/athenes2019\/wp-json\/wp\/v2\/categories?post=18"},{"taxonomy":"post_tag","embeddable":true,"href":"https:\/\/www.fg-berlin.eu\/blogs\/athenes2019\/wp-json\/wp\/v2\/tags?post=18"}],"curies":[{"name":"wp","href":"https:\/\/api.w.org\/{rel}","templated":true}]}}