{"id":13,"date":"2020-03-08T22:21:47","date_gmt":"2020-03-08T21:21:47","guid":{"rendered":"http:\/\/www.fg-berlin.eu\/blogs\/athenes2019\/?p=13"},"modified":"2020-03-08T22:21:47","modified_gmt":"2020-03-08T21:21:47","slug":"visite-du-musee-de-lacropole","status":"publish","type":"post","link":"https:\/\/www.fg-berlin.eu\/blogs\/athenes2019\/2020\/03\/08\/visite-du-musee-de-lacropole\/","title":{"rendered":"Visite du Mus\u00e9e de l&rsquo;Acropole"},"content":{"rendered":"\n<p>Du mus\u00e9e de l\u2019Acropole nous avions une vue extraordinaire sur l\u00b4Acropole et le Parth\u00e9non. Au premier \u00e9tage, nous avons vu des sculptures d\u2019Asclepios, fils d\u2019Apollon et dieu de la m\u00e9decine et de la sant\u00e9. Au cours de notre visite, nous avons appris que les formes g\u00e9om\u00e9triques \u00e9taient typiques pour l\u2019\u00e9poque myc\u00e9nienne. En 1200 avant J\u00e9sus-Christ, le cuivre \u00e9tait tr\u00e8s pr\u00e9cieux puisqu\u2019il n\u2019existait pas encore de fer. C\u2019est pour cela, que la majorit\u00e9 des oeuvres du mus\u00e9e \u00e9tait en cuivre, en marbre ou en pierre simple.  Monsieur Jacques nous a racont\u00e9 qu\u2019apr\u00e8s un tremblement de terre, les palais, qui avaient une importance pour la politique du royaume, n\u2019avaient pas \u00e9t\u00e9 reconstruits. C\u2019est pour cela qu\u2019on a retrouv\u00e9 des ruines de palais, d\u00e9truits depuis plus de 3 mill\u00e9naires.  Les Grecs cachaient leurs obets de valeur par peur de se les faire voler et oubliaient parfois o\u00f9 ils les avaient cach\u00e9s. C&rsquo;est ce qu&rsquo;on appelle un tr\u00e8sor (par exemple des outils d&rsquo;ouvrier). Les premi\u00e8res offrandes, qu\u2019ils firent aux dieux, \u00e9taient des chaudrons, qui tenaient leur valeur du mat\u00e9riau utilis\u00e9: le bronze.  Au premier \u00e9tage du mus\u00e9e on a pu observer des frontons, qui repr\u00e9sentaient essentiellement des animaux, souvent des lions. D\u2019autres animaux, comme le taureau ou le cheval \u00e9taient repr\u00e9sent\u00e9s sur des petites figurines. Fin du Ve si\u00e8cle, on commen\u00e7ait a repr\u00e9senter des jeunes femmes et des jeunes hommes Les grandes statues qui pouvaient faire jusqu\u2019\u00e0 2m de hauteur, s\u2019appelle des \u00ab&nbsp;kor\u00e9&nbsp;\u00bb et des \u201ekoroi\u201c.  Le mus\u00e9e est un construction impressionnante, puisqu\u2019elle est tout en verre. Du 1er \u00e9tage on a une vue magnifique sur l\u00b4Acropole et ses environs. Les monuments sont de taille impressionnante et accompagn\u00e9s d\u2019histoires passionnantes.  Ce mus\u00e9e a \u00e9t\u00e9 mon pr\u00e9f\u00e9r\u00e9, en raison  de son emplacement, mais aussi de ses sculptures animales impressionnantes. <\/p>\n\n\n\n<figure class=\"wp-block-image size-large\"><img loading=\"lazy\" decoding=\"async\" width=\"1024\" height=\"768\" src=\"https:\/\/www.fg-berlin.eu\/blogs\/athenes2019\/wp-content\/uploads\/sites\/30\/2020\/02\/IMG-20191003-WA0049-1024x768.jpg\" alt=\"\" class=\"wp-image-38\" srcset=\"https:\/\/www.fg-berlin.eu\/blogs\/athenes2019\/wp-content\/uploads\/sites\/30\/2020\/02\/IMG-20191003-WA0049-1024x768.jpg 1024w, https:\/\/www.fg-berlin.eu\/blogs\/athenes2019\/wp-content\/uploads\/sites\/30\/2020\/02\/IMG-20191003-WA0049-300x225.jpg 300w, https:\/\/www.fg-berlin.eu\/blogs\/athenes2019\/wp-content\/uploads\/sites\/30\/2020\/02\/IMG-20191003-WA0049-768x576.jpg 768w, https:\/\/www.fg-berlin.eu\/blogs\/athenes2019\/wp-content\/uploads\/sites\/30\/2020\/02\/IMG-20191003-WA0049-1536x1152.jpg 1536w, https:\/\/www.fg-berlin.eu\/blogs\/athenes2019\/wp-content\/uploads\/sites\/30\/2020\/02\/IMG-20191003-WA0049-1200x900.jpg 1200w, https:\/\/www.fg-berlin.eu\/blogs\/athenes2019\/wp-content\/uploads\/sites\/30\/2020\/02\/IMG-20191003-WA0049.jpg 1600w\" sizes=\"auto, (max-width: 1024px) 100vw, 1024px\" \/><\/figure>\n\n\n\n<figure class=\"wp-block-image size-large\"><img loading=\"lazy\" decoding=\"async\" width=\"1024\" height=\"768\" src=\"https:\/\/www.fg-berlin.eu\/blogs\/athenes2019\/wp-content\/uploads\/sites\/30\/2020\/02\/IMG-20191003-WA0043-1024x768.jpg\" alt=\"\" class=\"wp-image-39\" srcset=\"https:\/\/www.fg-berlin.eu\/blogs\/athenes2019\/wp-content\/uploads\/sites\/30\/2020\/02\/IMG-20191003-WA0043-1024x768.jpg 1024w, https:\/\/www.fg-berlin.eu\/blogs\/athenes2019\/wp-content\/uploads\/sites\/30\/2020\/02\/IMG-20191003-WA0043-300x225.jpg 300w, https:\/\/www.fg-berlin.eu\/blogs\/athenes2019\/wp-content\/uploads\/sites\/30\/2020\/02\/IMG-20191003-WA0043-768x576.jpg 768w, https:\/\/www.fg-berlin.eu\/blogs\/athenes2019\/wp-content\/uploads\/sites\/30\/2020\/02\/IMG-20191003-WA0043-1536x1152.jpg 1536w, https:\/\/www.fg-berlin.eu\/blogs\/athenes2019\/wp-content\/uploads\/sites\/30\/2020\/02\/IMG-20191003-WA0043-1200x900.jpg 1200w, https:\/\/www.fg-berlin.eu\/blogs\/athenes2019\/wp-content\/uploads\/sites\/30\/2020\/02\/IMG-20191003-WA0043.jpg 1600w\" sizes=\"auto, (max-width: 1024px) 100vw, 1024px\" \/><figcaption>M\u00e9tope<\/figcaption><\/figure>\n\n\n\n<figure class=\"wp-block-image size-large\"><img loading=\"lazy\" decoding=\"async\" width=\"1024\" height=\"768\" src=\"https:\/\/www.fg-berlin.eu\/blogs\/athenes2019\/wp-content\/uploads\/sites\/30\/2020\/02\/IMG-20191003-WA0038-1024x768.jpg\" alt=\"\" class=\"wp-image-40\" srcset=\"https:\/\/www.fg-berlin.eu\/blogs\/athenes2019\/wp-content\/uploads\/sites\/30\/2020\/02\/IMG-20191003-WA0038-1024x768.jpg 1024w, https:\/\/www.fg-berlin.eu\/blogs\/athenes2019\/wp-content\/uploads\/sites\/30\/2020\/02\/IMG-20191003-WA0038-300x225.jpg 300w, https:\/\/www.fg-berlin.eu\/blogs\/athenes2019\/wp-content\/uploads\/sites\/30\/2020\/02\/IMG-20191003-WA0038-768x576.jpg 768w, https:\/\/www.fg-berlin.eu\/blogs\/athenes2019\/wp-content\/uploads\/sites\/30\/2020\/02\/IMG-20191003-WA0038-1536x1152.jpg 1536w, https:\/\/www.fg-berlin.eu\/blogs\/athenes2019\/wp-content\/uploads\/sites\/30\/2020\/02\/IMG-20191003-WA0038-1200x900.jpg 1200w, https:\/\/www.fg-berlin.eu\/blogs\/athenes2019\/wp-content\/uploads\/sites\/30\/2020\/02\/IMG-20191003-WA0038.jpg 1600w\" sizes=\"auto, (max-width: 1024px) 100vw, 1024px\" \/><figcaption>Reconstitution des fresques du Parth\u00e9non<br><\/figcaption><\/figure>\n\n\n\n<figure class=\"wp-block-image size-large\"><img loading=\"lazy\" decoding=\"async\" width=\"768\" height=\"1024\" src=\"https:\/\/www.fg-berlin.eu\/blogs\/athenes2019\/wp-content\/uploads\/sites\/30\/2020\/02\/IMG-20191003-WA0056-768x1024.jpg\" alt=\"\" class=\"wp-image-41\" srcset=\"https:\/\/www.fg-berlin.eu\/blogs\/athenes2019\/wp-content\/uploads\/sites\/30\/2020\/02\/IMG-20191003-WA0056-768x1024.jpg 768w, https:\/\/www.fg-berlin.eu\/blogs\/athenes2019\/wp-content\/uploads\/sites\/30\/2020\/02\/IMG-20191003-WA0056-225x300.jpg 225w, https:\/\/www.fg-berlin.eu\/blogs\/athenes2019\/wp-content\/uploads\/sites\/30\/2020\/02\/IMG-20191003-WA0056-1152x1536.jpg 1152w, https:\/\/www.fg-berlin.eu\/blogs\/athenes2019\/wp-content\/uploads\/sites\/30\/2020\/02\/IMG-20191003-WA0056.jpg 1200w\" sizes=\"auto, (max-width: 768px) 100vw, 768px\" \/><figcaption>Caryatide<br><\/figcaption><\/figure>\n\n\n\n<figure class=\"wp-block-image size-large\"><img loading=\"lazy\" decoding=\"async\" width=\"1024\" height=\"768\" src=\"https:\/\/www.fg-berlin.eu\/blogs\/athenes2019\/wp-content\/uploads\/sites\/30\/2020\/02\/IMG-20191003-WA0054-1024x768.jpg\" alt=\"\" class=\"wp-image-49\" srcset=\"https:\/\/www.fg-berlin.eu\/blogs\/athenes2019\/wp-content\/uploads\/sites\/30\/2020\/02\/IMG-20191003-WA0054-1024x768.jpg 1024w, https:\/\/www.fg-berlin.eu\/blogs\/athenes2019\/wp-content\/uploads\/sites\/30\/2020\/02\/IMG-20191003-WA0054-300x225.jpg 300w, https:\/\/www.fg-berlin.eu\/blogs\/athenes2019\/wp-content\/uploads\/sites\/30\/2020\/02\/IMG-20191003-WA0054-768x576.jpg 768w, https:\/\/www.fg-berlin.eu\/blogs\/athenes2019\/wp-content\/uploads\/sites\/30\/2020\/02\/IMG-20191003-WA0054-1536x1152.jpg 1536w, https:\/\/www.fg-berlin.eu\/blogs\/athenes2019\/wp-content\/uploads\/sites\/30\/2020\/02\/IMG-20191003-WA0054-1200x900.jpg 1200w, https:\/\/www.fg-berlin.eu\/blogs\/athenes2019\/wp-content\/uploads\/sites\/30\/2020\/02\/IMG-20191003-WA0054.jpg 1600w\" sizes=\"auto, (max-width: 1024px) 100vw, 1024px\" \/><figcaption>Vue sur le mus\u00e9e<br><\/figcaption><\/figure>\n\n\n\n<figure class=\"wp-block-image size-large\"><img loading=\"lazy\" decoding=\"async\" width=\"576\" height=\"1024\" src=\"https:\/\/www.fg-berlin.eu\/blogs\/athenes2019\/wp-content\/uploads\/sites\/30\/2020\/02\/IMG-20191003-WA0002-576x1024.jpg\" alt=\"\" class=\"wp-image-50\" srcset=\"https:\/\/www.fg-berlin.eu\/blogs\/athenes2019\/wp-content\/uploads\/sites\/30\/2020\/02\/IMG-20191003-WA0002-576x1024.jpg 576w, https:\/\/www.fg-berlin.eu\/blogs\/athenes2019\/wp-content\/uploads\/sites\/30\/2020\/02\/IMG-20191003-WA0002-169x300.jpg 169w, https:\/\/www.fg-berlin.eu\/blogs\/athenes2019\/wp-content\/uploads\/sites\/30\/2020\/02\/IMG-20191003-WA0002-768x1365.jpg 768w, https:\/\/www.fg-berlin.eu\/blogs\/athenes2019\/wp-content\/uploads\/sites\/30\/2020\/02\/IMG-20191003-WA0002-864x1536.jpg 864w, https:\/\/www.fg-berlin.eu\/blogs\/athenes2019\/wp-content\/uploads\/sites\/30\/2020\/02\/IMG-20191003-WA0002.jpg 900w\" sizes=\"auto, (max-width: 576px) 100vw, 576px\" \/><figcaption>Les nomsbreuses vitrines pr\u00e9sentent&nbsp; les r\u00e9sultats des fouilles faites sur les pentes de l&rsquo;Acropole, notamment de nombreux objets votifs.<br><\/figcaption><\/figure>\n\n\n\n<figure class=\"wp-block-image size-large\"><img loading=\"lazy\" decoding=\"async\" width=\"576\" height=\"1024\" src=\"https:\/\/www.fg-berlin.eu\/blogs\/athenes2019\/wp-content\/uploads\/sites\/30\/2020\/03\/IMG-20191007-WA0002-576x1024.jpg\" alt=\"\" class=\"wp-image-80\" srcset=\"https:\/\/www.fg-berlin.eu\/blogs\/athenes2019\/wp-content\/uploads\/sites\/30\/2020\/03\/IMG-20191007-WA0002-576x1024.jpg 576w, https:\/\/www.fg-berlin.eu\/blogs\/athenes2019\/wp-content\/uploads\/sites\/30\/2020\/03\/IMG-20191007-WA0002-169x300.jpg 169w, https:\/\/www.fg-berlin.eu\/blogs\/athenes2019\/wp-content\/uploads\/sites\/30\/2020\/03\/IMG-20191007-WA0002-768x1365.jpg 768w, https:\/\/www.fg-berlin.eu\/blogs\/athenes2019\/wp-content\/uploads\/sites\/30\/2020\/03\/IMG-20191007-WA0002-864x1536.jpg 864w, https:\/\/www.fg-berlin.eu\/blogs\/athenes2019\/wp-content\/uploads\/sites\/30\/2020\/03\/IMG-20191007-WA0002.jpg 900w\" sizes=\"auto, (max-width: 576px) 100vw, 576px\" \/><figcaption>Ath\u00e9na, dite l&rsquo;Ath\u00e9na pensive<br><\/figcaption><\/figure>\n\n\n\n<figure class=\"wp-block-image size-large\"><img loading=\"lazy\" decoding=\"async\" width=\"576\" height=\"1024\" src=\"https:\/\/www.fg-berlin.eu\/blogs\/athenes2019\/wp-content\/uploads\/sites\/30\/2020\/03\/IMG-20191007-WA0004-576x1024.jpg\" alt=\"\" class=\"wp-image-81\" srcset=\"https:\/\/www.fg-berlin.eu\/blogs\/athenes2019\/wp-content\/uploads\/sites\/30\/2020\/03\/IMG-20191007-WA0004-576x1024.jpg 576w, https:\/\/www.fg-berlin.eu\/blogs\/athenes2019\/wp-content\/uploads\/sites\/30\/2020\/03\/IMG-20191007-WA0004-169x300.jpg 169w, https:\/\/www.fg-berlin.eu\/blogs\/athenes2019\/wp-content\/uploads\/sites\/30\/2020\/03\/IMG-20191007-WA0004-768x1365.jpg 768w, https:\/\/www.fg-berlin.eu\/blogs\/athenes2019\/wp-content\/uploads\/sites\/30\/2020\/03\/IMG-20191007-WA0004-864x1536.jpg 864w, https:\/\/www.fg-berlin.eu\/blogs\/athenes2019\/wp-content\/uploads\/sites\/30\/2020\/03\/IMG-20191007-WA0004.jpg 900w\" sizes=\"auto, (max-width: 576px) 100vw, 576px\" \/><figcaption> Kor\u00e9 ou statue de jeune fille, souvent des orantes (c&rsquo;est \u00e0 dire en train de prier) <\/figcaption><\/figure>\n\n\n\n<figure class=\"wp-block-image size-large\"><img loading=\"lazy\" decoding=\"async\" width=\"1024\" height=\"768\" src=\"https:\/\/www.fg-berlin.eu\/blogs\/athenes2019\/wp-content\/uploads\/sites\/30\/2020\/03\/20191002_120803-1024x768.jpg\" alt=\"\" class=\"wp-image-126\" srcset=\"https:\/\/www.fg-berlin.eu\/blogs\/athenes2019\/wp-content\/uploads\/sites\/30\/2020\/03\/20191002_120803-1024x768.jpg 1024w, https:\/\/www.fg-berlin.eu\/blogs\/athenes2019\/wp-content\/uploads\/sites\/30\/2020\/03\/20191002_120803-300x225.jpg 300w, https:\/\/www.fg-berlin.eu\/blogs\/athenes2019\/wp-content\/uploads\/sites\/30\/2020\/03\/20191002_120803-768x576.jpg 768w, https:\/\/www.fg-berlin.eu\/blogs\/athenes2019\/wp-content\/uploads\/sites\/30\/2020\/03\/20191002_120803-1536x1152.jpg 1536w, https:\/\/www.fg-berlin.eu\/blogs\/athenes2019\/wp-content\/uploads\/sites\/30\/2020\/03\/20191002_120803-2048x1536.jpg 2048w, https:\/\/www.fg-berlin.eu\/blogs\/athenes2019\/wp-content\/uploads\/sites\/30\/2020\/03\/20191002_120803-1200x900.jpg 1200w, https:\/\/www.fg-berlin.eu\/blogs\/athenes2019\/wp-content\/uploads\/sites\/30\/2020\/03\/20191002_120803-1980x1485.jpg 1980w\" sizes=\"auto, (max-width: 1024px) 100vw, 1024px\" \/><\/figure>\n\n\n\n<figure class=\"wp-block-image size-large\"><img loading=\"lazy\" decoding=\"async\" width=\"1024\" height=\"768\" src=\"https:\/\/www.fg-berlin.eu\/blogs\/athenes2019\/wp-content\/uploads\/sites\/30\/2020\/03\/20191002_115316-1024x768.jpg\" alt=\"\" class=\"wp-image-127\" srcset=\"https:\/\/www.fg-berlin.eu\/blogs\/athenes2019\/wp-content\/uploads\/sites\/30\/2020\/03\/20191002_115316-1024x768.jpg 1024w, https:\/\/www.fg-berlin.eu\/blogs\/athenes2019\/wp-content\/uploads\/sites\/30\/2020\/03\/20191002_115316-300x225.jpg 300w, https:\/\/www.fg-berlin.eu\/blogs\/athenes2019\/wp-content\/uploads\/sites\/30\/2020\/03\/20191002_115316-768x576.jpg 768w, https:\/\/www.fg-berlin.eu\/blogs\/athenes2019\/wp-content\/uploads\/sites\/30\/2020\/03\/20191002_115316-1536x1152.jpg 1536w, https:\/\/www.fg-berlin.eu\/blogs\/athenes2019\/wp-content\/uploads\/sites\/30\/2020\/03\/20191002_115316-2048x1536.jpg 2048w, https:\/\/www.fg-berlin.eu\/blogs\/athenes2019\/wp-content\/uploads\/sites\/30\/2020\/03\/20191002_115316-1200x900.jpg 1200w, https:\/\/www.fg-berlin.eu\/blogs\/athenes2019\/wp-content\/uploads\/sites\/30\/2020\/03\/20191002_115316-1980x1485.jpg 1980w\" sizes=\"auto, (max-width: 1024px) 100vw, 1024px\" \/><figcaption>Nombreux objets trouv\u00e9s sur les pentes de l&rsquo;Acropole, souvent des objets votifs ou fun\u00e9raires.<br><\/figcaption><\/figure>\n","protected":false},"excerpt":{"rendered":"<p>Du mus\u00e9e de l\u2019Acropole nous avions une vue extraordinaire sur l\u00b4Acropole et le Parth\u00e9non. Au premier \u00e9tage, nous avons vu des sculptures d\u2019Asclepios, fils d\u2019Apollon et dieu de la m\u00e9decine et de la sant\u00e9. Au cours de notre visite, nous avons appris que les formes g\u00e9om\u00e9triques \u00e9taient typiques pour l\u2019\u00e9poque myc\u00e9nienne. En 1200 avant J\u00e9sus-Christ, [&hellip;]<\/p>\n","protected":false},"author":579,"featured_media":0,"comment_status":"open","ping_status":"open","sticky":false,"template":"","format":"standard","meta":{"footnotes":""},"categories":[1],"tags":[],"class_list":["post-13","post","type-post","status-publish","format-standard","hentry","category-non-classe"],"_links":{"self":[{"href":"https:\/\/www.fg-berlin.eu\/blogs\/athenes2019\/wp-json\/wp\/v2\/posts\/13","targetHints":{"allow":["GET"]}}],"collection":[{"href":"https:\/\/www.fg-berlin.eu\/blogs\/athenes2019\/wp-json\/wp\/v2\/posts"}],"about":[{"href":"https:\/\/www.fg-berlin.eu\/blogs\/athenes2019\/wp-json\/wp\/v2\/types\/post"}],"author":[{"embeddable":true,"href":"https:\/\/www.fg-berlin.eu\/blogs\/athenes2019\/wp-json\/wp\/v2\/users\/579"}],"replies":[{"embeddable":true,"href":"https:\/\/www.fg-berlin.eu\/blogs\/athenes2019\/wp-json\/wp\/v2\/comments?post=13"}],"version-history":[{"count":8,"href":"https:\/\/www.fg-berlin.eu\/blogs\/athenes2019\/wp-json\/wp\/v2\/posts\/13\/revisions"}],"predecessor-version":[{"id":128,"href":"https:\/\/www.fg-berlin.eu\/blogs\/athenes2019\/wp-json\/wp\/v2\/posts\/13\/revisions\/128"}],"wp:attachment":[{"href":"https:\/\/www.fg-berlin.eu\/blogs\/athenes2019\/wp-json\/wp\/v2\/media?parent=13"}],"wp:term":[{"taxonomy":"category","embeddable":true,"href":"https:\/\/www.fg-berlin.eu\/blogs\/athenes2019\/wp-json\/wp\/v2\/categories?post=13"},{"taxonomy":"post_tag","embeddable":true,"href":"https:\/\/www.fg-berlin.eu\/blogs\/athenes2019\/wp-json\/wp\/v2\/tags?post=13"}],"curies":[{"name":"wp","href":"https:\/\/api.w.org\/{rel}","templated":true}]}}